{"id":289976,"date":"2025-08-01T22:06:29","date_gmt":"2025-08-01T22:06:29","guid":{"rendered":"https:\/\/www.europesays.com\/fr\/289976\/"},"modified":"2025-08-01T22:06:29","modified_gmt":"2025-08-01T22:06:29","slug":"le-grand-ecart-de-bandja-sy-de-leuroleague-avec-paris-a-la-roumanie","status":"publish","type":"post","link":"https:\/\/www.europesays.com\/fr\/289976\/","title":{"rendered":"Le grand \u00e9cart de Bandja Sy : de l&rsquo;EuroLeague avec Paris \u00e0&#8230; la Roumanie !"},"content":{"rendered":"<p>Apr\u00e8s l\u2019annonce du d\u00e9part de <strong>Bandja Sy<\/strong> du Paris Basketball, le voile est d\u00e9sormais lev\u00e9 sur l\u2019avenir de l\u2019ailier v\u00e9t\u00e9ran, avec une destination plut\u00f4t inattendue : la Roumanie ! L\u2019ancien joueur des Metropolitans 92 s\u2019est engag\u00e9 avec le club d\u2019Oradea, vice-champion du championnat roumain en 2025.<\/p>\n<\/p>\n<p><strong>Un retour en France plus que gagnant<\/strong><\/p>\n<p>Au coeur de sa (d\u00e9j\u00e0) longue carri\u00e8re, <a target=\"_blank\" rel=\"noopener nofollow\" href=\"https:\/\/www.bebasket.fr\/joueur\/bandja-sy\">Bandja Sy (2,04 m, 35 ans)<\/a> a connu de belles destinations (ASVEL, Partizan Belgrade, AEK Ath\u00e8nes), dont une derni\u00e8re couronn\u00e9e de succ\u00e8s avec Paris, avec 4 troph\u00e9es (Leaders Cup, EuroCup, Coupe de France et championnat de France). Mais apr\u00e8s avoir d\u00e9couvert l\u2019EuroLeague dans la capitale (3,1 points et 2,1 rebonds en 14 minutes de moyenne), le fr\u00e8re d\u2019Amara va redescendre de plusieurs \u00e9chelons avec Oradea, engag\u00e9 dans les qualifications \u00e0 la prochaine saison de BCL.<\/p>\n<p>Apr\u00e8s quatre derni\u00e8res saisons dans l\u2019Hexagone, d\u2019abord aux Mets 92 avec notamment l\u2019\u00e9pop\u00e9e Victor Wembanyama puis \u00e0 Paris, Bandja Sy va donc reprendre le fil de sa carri\u00e8re \u00e0 l\u2019\u00e9tranger, \u00e0 Oradea, ville du Nord-Ouest de la Roumanie, \u00e0 la fronti\u00e8re avec la Hongrie, r\u00e9cent vice-champion national, apr\u00e8s avoir \u00e9t\u00e9 d\u00e9fait par le Cluj-Napoca de Adam Mokoka.\u00a0 Comme l\u2019\u00c9lan Chalon, le nouveau club de l\u2019ailier-fort devra passer par les phases de qualifications pour acc\u00e9der au tableau final de la prochaine saison de Ligue des Champions.<\/p>\n<p>Ainsi, apr\u00e8s avoir jou\u00e9 en France, en Gr\u00e8ce, en Serbie, en Espagne mais aussi aux \u00c9tats-Unis pour sa formation, Bandja Sy va d\u00e9couvrir un 6e pays dans sa carri\u00e8re de basketteur, la Roumanie avec Oradea.<\/p>\n<p>PROFIL JOUEUR<\/p>\n<p><a href=\"https:\/\/www.bebasket.fr\/joueur\/bandja-sy\" rel=\"nofollow noopener\" target=\"_blank\"> <img decoding=\"async\" loading=\"lazy\" class=\"player-infos-image\" src=\"https:\/\/www.europesays.com\/fr\/wp-content\/uploads\/2025\/08\/photo-basketball-player-bandja-sy-1ee78d1f-e54b-6350-8395-898ab024be80.jpg\" alt=\"Photo_Basketball_Player-Bandja Sy.jpg\" width=\"500\" height=\"500\"\/> <\/a><\/p>\n<p>Poste(s): Ailier Fort<\/p>\n<p>Taille: 204 cm<\/p>\n<p>\u00c2ge: 35 ans (30\/07\/1990)<\/p>\n<p>Nationalit\u00e9s:<\/p>\n<p><img decoding=\"async\" loading=\"lazy\" class=\"flag\" title=\"France\" src=\"https:\/\/www.europesays.com\/fr\/wp-content\/uploads\/2025\/04\/drapeau-france-carre-1ee77547-c733-64fc-927d-4f14a8be127a.jpg\" alt=\"drapeau-france-carre.jpg\" width=\"50\" height=\"50\"\/><\/p>\n<p>Stats 2024-2025 \/ Betclic ELITE<\/p>\n","protected":false},"excerpt":{"rendered":"Apr\u00e8s l\u2019annonce du d\u00e9part de Bandja Sy du Paris Basketball, le voile est d\u00e9sormais lev\u00e9 sur l\u2019avenir de&hellip;\n","protected":false},"author":2,"featured_media":289977,"comment_status":"","ping_status":"","sticky":false,"template":"","format":"standard","meta":{"footnotes":""},"categories":[1888],"tags":[1111,1928,11,1927,1777,674,1011,27,12,1926,626,1925,25],"class_list":{"0":"post-289976","1":"post","2":"type-post","3":"status-publish","4":"format-standard","5":"has-post-thumbnail","7":"category-paris","8":"tag-actu","9":"tag-actu-paris","10":"tag-actualites","11":"tag-actualites-paris","12":"tag-eu","13":"tag-europe","14":"tag-fr","15":"tag-france","16":"tag-news","17":"tag-news-paris","18":"tag-paris","19":"tag-paris-news","20":"tag-republique-francaise"},"share_on_mastodon":{"url":"https:\/\/pubeurope.com\/@fr\/114955785638519532","error":""},"_links":{"self":[{"href":"https:\/\/www.europesays.com\/fr\/wp-json\/wp\/v2\/posts\/289976","targetHints":{"allow":["GET"]}}],"collection":[{"href":"https:\/\/www.europesays.com\/fr\/wp-json\/wp\/v2\/posts"}],"about":[{"href":"https:\/\/www.europesays.com\/fr\/wp-json\/wp\/v2\/types\/post"}],"author":[{"embeddable":true,"href":"https:\/\/www.europesays.com\/fr\/wp-json\/wp\/v2\/users\/2"}],"replies":[{"embeddable":true,"href":"https:\/\/www.europesays.com\/fr\/wp-json\/wp\/v2\/comments?post=289976"}],"version-history":[{"count":0,"href":"https:\/\/www.europesays.com\/fr\/wp-json\/wp\/v2\/posts\/289976\/revisions"}],"wp:featuredmedia":[{"embeddable":true,"href":"https:\/\/www.europesays.com\/fr\/wp-json\/wp\/v2\/media\/289977"}],"wp:attachment":[{"href":"https:\/\/www.europesays.com\/fr\/wp-json\/wp\/v2\/media?parent=289976"}],"wp:term":[{"taxonomy":"category","embeddable":true,"href":"https:\/\/www.europesays.com\/fr\/wp-json\/wp\/v2\/categories?post=289976"},{"taxonomy":"post_tag","embeddable":true,"href":"https:\/\/www.europesays.com\/fr\/wp-json\/wp\/v2\/tags?post=289976"}],"curies":[{"name":"wp","href":"https:\/\/api.w.org\/{rel}","templated":true}]}}