{"id":289989,"date":"2025-08-01T22:13:11","date_gmt":"2025-08-01T22:13:11","guid":{"rendered":"https:\/\/www.europesays.com\/fr\/289989\/"},"modified":"2025-08-01T22:13:11","modified_gmt":"2025-08-01T22:13:11","slug":"le-budget-de-larmee-allemande-pourrait-etre-deux-fois-superieur-a-celui-de-la-france-dici-a-2026","status":"publish","type":"post","link":"https:\/\/www.europesays.com\/fr\/289989\/","title":{"rendered":"Le budget de l&rsquo;arm\u00e9e allemande pourrait \u00eatre deux fois sup\u00e9rieur \u00e0 celui de la France d&rsquo;ici \u00e0 2026"},"content":{"rendered":"<p class=\"p1\">L\u2019Allemagne acc\u00e9l\u00e8re son r\u00e9armement. Gr\u00e2ce \u00e0 la lev\u00e9e du \u00ab\u202ffrein \u00e0 l\u2019endettement\u202f\u00bb, vot\u00e9e en mars dernier, la coalition gouvernementale du chancelier <a href=\"https:\/\/www.valeursactuelles.com\/monde\/allemagne-le-nouveau-chancelier-friedrich-merz-veut-doter-le-pays-de-larmee-la-plus-puissante-deurope\" target=\"_blank\" rel=\"noopener\">Friedrich Merz<\/a> pr\u00e9voit de porter le <a href=\"https:\/\/www.valeursactuelles.com\/monde\/lallemagne-souhaite-se-doter-de-1-000-chars-leopard-et-de-2-500-blindes-boxer-supplementaires\" target=\"_blank\" rel=\"noopener\">budget de la Bundeswehr<\/a> \u00e0 3,5\u202f% du <a href=\"https:\/\/www.valeursactuelles.com\/monde\/italie-le-pib-par-habitant-des-italiens-desormais-identique-a-celui-des-francais\" target=\"_blank\" rel=\"noopener\">PIB<\/a> d\u2019ici 2029, soit environ 153\u202fmilliards d\u2019euros, rapporte le site sp\u00e9cialis\u00e9 <a href=\"https:\/\/www.opex360.com\/2025\/07\/31\/en-2026-le-budget-militaire-de-lallemagne-sera-presque-deux-fois-plus-eleve-que-celui-de-la-france\/\" target=\"_blank\" rel=\"nofollow noopener\">opex360.com<\/a>. D\u00e8s 2026, l\u2019arm\u00e9e allemande b\u00e9n\u00e9ficiera d\u2019un budget de 108,2\u202fmilliards, compos\u00e9 de 82,7\u202fmilliards issus du budget ordinaire de la D\u00e9fense et de 25,5\u202fmilliards pr\u00e9lev\u00e9s sur le Fonds sp\u00e9cial.<\/p>\n<p><a href=\"https:\/\/www.valeursactuelles.com\/societe\/qui-est-le-general-fabien-mandon-qui-remplace-thierry-burkhard-comme-chef-detat-major-des-armees\" class=\"h-flex h-align-items-center h-border-tb h-ptb-15\" target=\"_blank\" rel=\"noopener\">A\u00a0LIRE\u00a0Qui est le g\u00e9n\u00e9ral Fabien Mandon qui remplace Thierry Burkhard comme chef d\u2019\u00e9tat-major des arm\u00e9es ?<\/a><\/p>\n<p>Retrouvez-nous sur :<\/p>\n<blockquote class=\"wp-embedded-content\" data-secret=\"c294rtMmiO\">\n<p><a href=\"https:\/\/www.valeursactuelles.com\/\" target=\"_blank\" rel=\"noopener\">Accueil<\/a><\/p>\n<\/blockquote>\n<p>\u2013 Facebook :<\/p>\n<p>https:\/\/www.facebook.com\/valeursactuelles.page\u00a0\u00bb&gt;<\/p>\n<p>\u00a0<\/p>\n<p class=\"p1\">\u00c0 titre de comparaison, le budget fran\u00e7ais atteindra 57,2\u202fmilliards d\u2019euros la m\u00eame ann\u00e9e, selon les annonces faites par Emmanuel Macron le 13 juillet dernier. M\u00eame en tenant compte des hausses pr\u00e9vues dans la Loi de programmation militaire (LPM) 2024-2030, qui fixe un objectif de 64\u202fmilliards d\u2019euros en 2027, l\u2019\u00e9cart se creuse nettement entre les deux principales puissances militaires europ\u00e9ennes.<\/p>\n<p>Une r\u00e9organisation massive de la Bundeswehr<\/p>\n<p class=\"p1\">L\u2019ambition allemande ne se limite pas aux chiffres. Selon Bloomberg et Reuters, Berlin s\u2019appr\u00eaterait \u00e0 commander jusqu\u2019\u00e0 3\u202f500 blind\u00e9s ARTEC Boxer, 5\u202f000 v\u00e9hicules Patria 6\u00d76 dans le cadre du programme CAVS (Common Armoured Vehicle System), 1\u202f000 chars Leopard 2A8 (ou leur successeur Leopard 3), ainsi que 20 Eurofighter EF2000 suppl\u00e9mentaires \u2013 une commande d\u00e9j\u00e0 annonc\u00e9e en 2024 par Olaf Scholz.<\/p>\n<p class=\"p1\">Le minist\u00e8re de la D\u00e9fense allemand a \u00e9galement confirm\u00e9 l\u2019achat de lanceurs Typhon am\u00e9ricains, capables de mener des frappes de pr\u00e9cision dans la profondeur. En revanche, il a d\u00e9menti vouloir acqu\u00e9rir des F-35A suppl\u00e9mentaires, malgr\u00e9 des rumeurs persistantes.<\/p>\n<p>Un effort sans pr\u00e9c\u00e9dent sur les effectifs<\/p>\n<p class=\"p1\">Le r\u00e9armement passe aussi par un renforcement massif des effectifs. Selon le gouvernement allemand, 10\u202f000 postes militaires et 2\u202f000 postes civils seront cr\u00e9\u00e9s en 2026, ainsi que 20\u202f000 postes temporaires dans le cadre du nouveau service militaire, cens\u00e9 revitaliser la r\u00e9serve.<\/p>\n<p class=\"p1\">\u00ab\u202fAvec le budget 2026, non seulement nous renforcerons l\u2019\u00e9quipement et les infrastructures, mais nous investirons sp\u00e9cifiquement dans le personnel. Ce n\u2019est qu\u2019avec un maximum d\u2019hommes et de femmes engag\u00e9s que nous pourrons transformer les technologies de pointe en puissance militaire\u202f\u00bb, a d\u00e9clar\u00e9 le ministre allemand de la D\u00e9fense, Boris Pistorius. La strat\u00e9gie est claire\u202f: doter l\u2019Allemagne de \u00ab\u202fl\u2019arm\u00e9e conventionnelle la plus puissante d\u2019Europe\u202f\u00bb, selon les termes du chancelier Merz.<\/p>\n","protected":false},"excerpt":{"rendered":"L\u2019Allemagne acc\u00e9l\u00e8re son r\u00e9armement. Gr\u00e2ce \u00e0 la lev\u00e9e du \u00ab\u202ffrein \u00e0 l\u2019endettement\u202f\u00bb, vot\u00e9e en mars dernier, la coalition&hellip;\n","protected":false},"author":2,"featured_media":289990,"comment_status":"","ping_status":"","sticky":false,"template":"","format":"standard","meta":{"footnotes":""},"categories":[1587],"tags":[11,672,1813,33183,1804,1805,554,1803,1777,674,1801,12,1802],"class_list":{"0":"post-289989","1":"post","2":"type-post","3":"status-publish","4":"format-standard","5":"has-post-thumbnail","7":"category-allemagne","8":"tag-actualites","9":"tag-allemagne","10":"tag-armee","11":"tag-armee-francaise","12":"tag-bundesrepublik-deutschland","13":"tag-de","14":"tag-defense","15":"tag-deutschland","16":"tag-eu","17":"tag-europe","18":"tag-germany","19":"tag-news","20":"tag-republique-federale-dallemagne"},"share_on_mastodon":{"url":"https:\/\/pubeurope.com\/@fr\/114955813352945386","error":""},"_links":{"self":[{"href":"https:\/\/www.europesays.com\/fr\/wp-json\/wp\/v2\/posts\/289989","targetHints":{"allow":["GET"]}}],"collection":[{"href":"https:\/\/www.europesays.com\/fr\/wp-json\/wp\/v2\/posts"}],"about":[{"href":"https:\/\/www.europesays.com\/fr\/wp-json\/wp\/v2\/types\/post"}],"author":[{"embeddable":true,"href":"https:\/\/www.europesays.com\/fr\/wp-json\/wp\/v2\/users\/2"}],"replies":[{"embeddable":true,"href":"https:\/\/www.europesays.com\/fr\/wp-json\/wp\/v2\/comments?post=289989"}],"version-history":[{"count":0,"href":"https:\/\/www.europesays.com\/fr\/wp-json\/wp\/v2\/posts\/289989\/revisions"}],"wp:featuredmedia":[{"embeddable":true,"href":"https:\/\/www.europesays.com\/fr\/wp-json\/wp\/v2\/media\/289990"}],"wp:attachment":[{"href":"https:\/\/www.europesays.com\/fr\/wp-json\/wp\/v2\/media?parent=289989"}],"wp:term":[{"taxonomy":"category","embeddable":true,"href":"https:\/\/www.europesays.com\/fr\/wp-json\/wp\/v2\/categories?post=289989"},{"taxonomy":"post_tag","embeddable":true,"href":"https:\/\/www.europesays.com\/fr\/wp-json\/wp\/v2\/tags?post=289989"}],"curies":[{"name":"wp","href":"https:\/\/api.w.org\/{rel}","templated":true}]}}