{"id":289993,"date":"2025-08-01T22:15:19","date_gmt":"2025-08-01T22:15:19","guid":{"rendered":"https:\/\/www.europesays.com\/fr\/289993\/"},"modified":"2025-08-01T22:15:19","modified_gmt":"2025-08-01T22:15:19","slug":"gaza-lancien-chef-de-la-diplomatie-europeenne-accuse-von-der-leyen-et-les-dirigeants-de-lue-de-complicite-avec-israel","status":"publish","type":"post","link":"https:\/\/www.europesays.com\/fr\/289993\/","title":{"rendered":"Gaza : l\u2019ancien chef de la diplomatie europ\u00e9enne accuse von der Leyen et les dirigeants de l\u2019UE de \u00ab\u2009complicit\u00e9\u2009\u00bb avec Isra\u00ebl"},"content":{"rendered":"<p style=\"text-align: left\">\u00ab\u2009Ceux qui n\u2019agissent pas pour mettre fin \u00e0 ce g\u00e9nocide et \u00e0 ces violations du droit international, alors qu\u2019ils en ont le pouvoir, s\u2019en rendent complices. C\u2019est malheureusement le cas des dirigeants de l\u2019Union europ\u00e9enne et de ses \u00c9tats membres\u2009\u00bb, a \u00e9crit Josep Borrell dans <a href=\"https:\/\/www.theguardian.com\/commentisfree\/2025\/aug\/01\/israel-failure-eu-leaders-complicit-crime-genocide\" target=\"_blank\" rel=\"noopener nofollow\">une tribune<\/a> publi\u00e9e vendredi 1er\u00a0ao\u00fbt dans le journal britannique The Guardian.<\/p>\n<p style=\"text-align: left\">\u00ab\u2009Les dirigeants de l\u2019UE et de ses \u00c9tats membres seront probablement appel\u00e9s \u00e0 rendre des comptes \u00e0 l\u2019avenir pour leur complicit\u00e9 dans les crimes contre l\u2019humanit\u00e9 commis par le gouvernement [du Premier ministre isra\u00e9lien Benyamin] Netanyahou.\u2009\u00bb<\/p>\n<p style=\"text-align: left\">Le socialiste espagnol de 78 ans, qui a occup\u00e9 le poste de Haut repr\u00e9sentant de l\u2019UE pour les Affaires \u00e9trang\u00e8res et la Politique de s\u00e9curit\u00e9 entre 2019 et 2024, a \u00e9galement d\u00e9clar\u00e9 que les dirigeants europ\u00e9ens ont l\u2019obligation l\u00e9gale d\u2019annuler <a href=\"https:\/\/www.euractiv.fr\/section\/politics\/news\/guerre-a-gaza-bruxelles-conclut-quisrael-a-viole-laccord-commercial-avec-lue\/\" target=\"_blank\" rel=\"noopener nofollow\">l\u2019accord d\u2019association UE-Isra\u00ebl<\/a>, invoquant le non-respect par Tel-Aviv de ses obligations <a href=\"https:\/\/www.euractiv.fr\/section\/politics\/news\/kaja-kallas-annonce-un-accord-ue-israel-sur-laide-humanitaire-a-gaza\/\" target=\"_blank\" rel=\"noopener nofollow\">humanitaires<\/a> \u00e0 Gaza.<\/p>\n<p><img loading=\"lazy\" decoding=\"async\" width=\"800\" height=\"600\" src=\"https:\/\/www.europesays.com\/fr\/wp-content\/uploads\/2025\/08\/GettyImages-2227074165-800x600.jpg\" class=\"attachment-4x3 size-4x3 wp-post-image ea-media-unrolled ea-media-formatted img-responsive\" alt=\"\"\/><\/p>\n<p style=\"text-align: left\">\u00ab\u2009C\u2019est le seul langage qui puisse amener les dirigeants isra\u00e9liens \u00e0 cesser de commettre des crimes contre l\u2019humanit\u00e9\u2009\u00bb, estime l\u2019ancien ministre espagnol des Affaires \u00e9trang\u00e8res.<\/p>\n<p style=\"text-align: left\">Il a ajout\u00e9 que l\u2019incapacit\u00e9 de l\u2019UE \u00e0 faire pression sur le gouvernement isra\u00e9lien nuisait \u00e0 la position du bloc sur la sc\u00e8ne internationale, et l\u2019a accus\u00e9 d\u2019appliquer un double standard par rapport \u00e0 sa r\u00e9ponse \u00e0 l\u2019invasion de l\u2019Ukraine par la Russie.<\/p>\n<p style=\"text-align: left\">Josep Borrell a \u00e9galement pr\u00e9conis\u00e9 la <a href=\"https:\/\/www.euractiv.fr\/section\/politics\/news\/slovenia-bans-arms-exports-to-israel\/\" target=\"_blank\" rel=\"noopener nofollow\">suspension des livraisons d\u2019armes \u00e0 Isra\u00ebl<\/a>, l\u2019interdiction des importations en provenance des colonies de Cisjordanie, la sanction des ministres d\u2019extr\u00eame droite et l\u2019interdiction du passage de Benyamin Netanyahou dans l\u2019espace a\u00e9rien europ\u00e9en.<\/p>\n<p style=\"text-align: left\">En tant que chef de la diplomatie europ\u00e9enne, il a pr\u00e9sid\u00e9 les r\u00e9unions des ministres des Affaires \u00e9trang\u00e8res des gouvernements de l\u2019UE pendant neuf mois apr\u00e8s le 7\u00a0octobre 2023, date \u00e0 laquelle le Hamas a lanc\u00e9 son attaque contre Isra\u00ebl depuis Gaza.<\/p>\n<p style=\"text-align: left\">Bien qu\u2019il n\u2019ait pas employ\u00e9 le terme \u00ab\u2009g\u00e9nocide\u2009\u00bb pendant son mandat, il a appel\u00e9 \u00e0 plusieurs reprises Isra\u00ebl \u00e0 respecter le droit international humanitaire dans la bande de Gaza. Compte tenu de la d\u00e9t\u00e9rioration de la situation humanitaire ces derniers mois, Josep Borrell s\u2019est montr\u00e9 plus virulent dans ses critiques \u00e0 l\u2019\u00e9gard des institutions europ\u00e9ennes.<\/p>\n","protected":false},"excerpt":{"rendered":"\u00ab\u2009Ceux qui n\u2019agissent pas pour mettre fin \u00e0 ce g\u00e9nocide et \u00e0 ces violations du droit international, alors&hellip;\n","protected":false},"author":2,"featured_media":289994,"comment_status":"","ping_status":"","sticky":false,"template":"","format":"standard","meta":{"footnotes":""},"categories":[1586],"tags":[11,1777,674,1779,1011,27,12,25,1778,364],"class_list":{"0":"post-289993","1":"post","2":"type-post","3":"status-publish","4":"format-standard","5":"has-post-thumbnail","7":"category-europe","8":"tag-actualites","9":"tag-eu","10":"tag-europe","11":"tag-european-union","12":"tag-fr","13":"tag-france","14":"tag-news","15":"tag-republique-francaise","16":"tag-ue","17":"tag-union-europeenne"},"share_on_mastodon":{"url":"https:\/\/pubeurope.com\/@fr\/114955821022470832","error":""},"_links":{"self":[{"href":"https:\/\/www.europesays.com\/fr\/wp-json\/wp\/v2\/posts\/289993","targetHints":{"allow":["GET"]}}],"collection":[{"href":"https:\/\/www.europesays.com\/fr\/wp-json\/wp\/v2\/posts"}],"about":[{"href":"https:\/\/www.europesays.com\/fr\/wp-json\/wp\/v2\/types\/post"}],"author":[{"embeddable":true,"href":"https:\/\/www.europesays.com\/fr\/wp-json\/wp\/v2\/users\/2"}],"replies":[{"embeddable":true,"href":"https:\/\/www.europesays.com\/fr\/wp-json\/wp\/v2\/comments?post=289993"}],"version-history":[{"count":0,"href":"https:\/\/www.europesays.com\/fr\/wp-json\/wp\/v2\/posts\/289993\/revisions"}],"wp:featuredmedia":[{"embeddable":true,"href":"https:\/\/www.europesays.com\/fr\/wp-json\/wp\/v2\/media\/289994"}],"wp:attachment":[{"href":"https:\/\/www.europesays.com\/fr\/wp-json\/wp\/v2\/media?parent=289993"}],"wp:term":[{"taxonomy":"category","embeddable":true,"href":"https:\/\/www.europesays.com\/fr\/wp-json\/wp\/v2\/categories?post=289993"},{"taxonomy":"post_tag","embeddable":true,"href":"https:\/\/www.europesays.com\/fr\/wp-json\/wp\/v2\/tags?post=289993"}],"curies":[{"name":"wp","href":"https:\/\/api.w.org\/{rel}","templated":true}]}}