{"id":290001,"date":"2025-08-01T22:19:12","date_gmt":"2025-08-01T22:19:12","guid":{"rendered":"https:\/\/www.europesays.com\/fr\/290001\/"},"modified":"2025-08-01T22:19:12","modified_gmt":"2025-08-01T22:19:12","slug":"maxence-giboudot-et-julien-quesne-aux-portes-du-top-10-du-farmfoods-scottish-challenge-quim-vidal-seul-en-tete-lequipe","status":"publish","type":"post","link":"https:\/\/www.europesays.com\/fr\/290001\/","title":{"rendered":"Maxence Giboudot et Julien Quesne aux portes du top 10 du Farmfoods Scottish Challenge, Quim Vidal seul en t\u00eate &#8211; L&#039;\u00c9quipe"},"content":{"rendered":"<ol>\n<li><a href=\"https:\/\/news.google.com\/rss\/articles\/CBMi7gFBVV95cUxQM25ySF9YeTludEVPRG40YjdaLVpiOGR0SEZ4NjcycmM5R0M2cm9STTBabExfSGF5Qi1IM1NHOGN3Ry1GcjlUbW5JOUNGdTJibVY5emd5ZVVDYk5Wa0cyM2ZsTUNCQklJT3JZdHZuV2N3Wi02M0xsai10U0doWXQtai1mbkxuXzVyT2pFOHdqSGpIUHZ0UzFxME5wQy1iN2xfVnRvTTNVa2cxUFJhMWJPZU02VmViMVBqXzF0U3NlQVYtWUNaZl9GLWE1NUtiTVdCVHhseVBFd19GQnplMEVkT184VUwzb0pUSGN5RGJB?oc=5\" target=\"_blank\" rel=\"nofollow noopener\">Maxence Giboudot et Julien Quesne aux portes du top 10 du Farmfoods Scottish Challenge, Quim Vidal seul en t\u00eate<\/a>&nbsp;&nbsp;L&rsquo;\u00c9quipe<\/li>\n<li><a href=\"https:\/\/news.google.com\/rss\/articles\/CBMilAJBVV95cUxPblg4Z2d5MUJtZXYzRU5uYWFVSk5IZnl6NUJmaWI5UW42MTNJS2ZMbWlBMTIyOEgwNmwzcDBncFpETzdzT2FpTU5wVGFXMzYtY3R1SFpHZFg1dVh0UUk5azRBcjdNRmtMLVdxVEtmYjN4WnlrUVFrSVpGU0hmZVFBZkZZbXlEb1lNZjFJMHAzcHY5YlVmYVJwSG1tdjNLb0xJMHNlTklPZ25UemxEcno3eVpkWk4xcmVnS3FaRmNCNndFcjVENTdJVjVTcVhpbFg4bWpXVXRqanNDaFhMZ2dtaU5WMk9YN003QnFYSFA5azB2eldCNEdBOWFwcXgxdjdJREZOODRCNFBBSVlyYVRwdGxiLXk?oc=5\" target=\"_blank\" rel=\"nofollow noopener\">Golf. Hotelplanner &#8211; Scottish Challenge: Vidal prend la t\u00eate apr\u00e8s le 2e tour, les Fran\u00e7ais en force<\/a>&nbsp;&nbsp;Ouest-France<\/li>\n<li><a href=\"https:\/\/news.google.com\/rss\/articles\/CBMi5wFBVV95cUxNSmtCd0lpZnJSN01tcVRGSVFuWXB5cmRZSVNNTTNOQW1oREg0cXhET21CdU40RGxjaDB2TUZNaWdYSE1kOGNfZlZzWk4zQk5ST20yWHV6bFRsOWtOb0k1eHNjZEJyX2xQMG1wVlNzUGxqcXBZbVBjaXltOEwyS2FxNzZUUHVfT3Rua0RJSFJScHY2SllaTlJQTjFLUWpVVmkyU1hqbUFqTlprdEVMZXdWY0diZE9BemVXYVVGYkgwTzZqWGk0dHA1VWhTb2NnNk5XRlZwODBHUjRWOUpiT2tWZVp3S2JpcWM?oc=5\" target=\"_blank\" rel=\"nofollow noopener\">Challenge Tour &#8211; James Meyer de Beco seul Belge \u00e0 passer le cut en \u00c9cosse<\/a>&nbsp;&nbsp;La Libre.be<\/li>\n<li><a href=\"https:\/\/news.google.com\/rss\/articles\/CBMipwFBVV95cUxPc1M4QmlES0xxUjVtZzM0UFBHYTR1elJyT1EtZU9SNGdpS1duSVprZTR0VFNJOC1Pc0ZrTFJ6eWZUZGRCQld2R25JR1dFeVAtMDRaVk82ckpHUy1OME02ZkNsTnNnZ2JTdVUtRlJjZXpDX2J6X2JHVUQtanFhREtkZVFlZ05seXhTS2JQLWJiWkhmRUlkTm84bWVleExLakFEZFdfNmd3bw?oc=5\" target=\"_blank\" rel=\"nofollow noopener\">Maxence Giboudot et Julien Quesne aux portes du top 10 en Ecosse<\/a>&nbsp;&nbsp;Golf Plan\u00e8te<\/li>\n<li><a href=\"https:\/\/news.google.com\/rss\/articles\/CBMi9wFBVV95cUxNWkJiWE15VnBNUTRYckk1STJvSTVkcE9nRGFkM01uTUlseGNCRmxEZ3dxRkVTd1I4bEJyeXFHVndJclVqNFVvcy1kS3poWTE4eS1HeFlxSGNEeDh5R0d6S0l3QWQ2UDE2eTNSbjR3MWZpUUhJMVR3TGdyal9UeWhNZUM1RVNLYTF1b29qenFZRWtjSVV1d1ZjdUxJN3RtV1BJNjItNmxtMGUzVDNZanlSR2Rxc2JVdjJUNGc1V2pzcU9iRy1YanZ0Y2VSbmM4UVNfVUh4X3k4c1Q5bmFJY095a1gzVHhDd1JhcU1fUy1Qc1d6S2FUbHFz?oc=5\" target=\"_blank\" rel=\"nofollow noopener\">Challenge Tour &#8211; James Meyer de Beco prend la 43e place apr\u00e8s le premier tour en \u00c9cosse<\/a>&nbsp;&nbsp;DHnet<\/li>\n<\/ol>\n","protected":false},"excerpt":{"rendered":"Maxence Giboudot et Julien Quesne aux portes du top 10 du Farmfoods Scottish Challenge, Quim Vidal seul en&hellip;\n","protected":false},"author":2,"featured_media":290002,"comment_status":"","ping_status":"","sticky":false,"template":"","format":"standard","meta":{"footnotes":""},"categories":[1418],"tags":[1011,27,1472,60],"class_list":{"0":"post-290001","1":"post","2":"type-post","3":"status-publish","4":"format-standard","5":"has-post-thumbnail","7":"category-golf","8":"tag-fr","9":"tag-france","10":"tag-golf","11":"tag-sports"},"share_on_mastodon":{"url":"https:\/\/pubeurope.com\/@fr\/114955836636249495","error":""},"_links":{"self":[{"href":"https:\/\/www.europesays.com\/fr\/wp-json\/wp\/v2\/posts\/290001","targetHints":{"allow":["GET"]}}],"collection":[{"href":"https:\/\/www.europesays.com\/fr\/wp-json\/wp\/v2\/posts"}],"about":[{"href":"https:\/\/www.europesays.com\/fr\/wp-json\/wp\/v2\/types\/post"}],"author":[{"embeddable":true,"href":"https:\/\/www.europesays.com\/fr\/wp-json\/wp\/v2\/users\/2"}],"replies":[{"embeddable":true,"href":"https:\/\/www.europesays.com\/fr\/wp-json\/wp\/v2\/comments?post=290001"}],"version-history":[{"count":0,"href":"https:\/\/www.europesays.com\/fr\/wp-json\/wp\/v2\/posts\/290001\/revisions"}],"wp:featuredmedia":[{"embeddable":true,"href":"https:\/\/www.europesays.com\/fr\/wp-json\/wp\/v2\/media\/290002"}],"wp:attachment":[{"href":"https:\/\/www.europesays.com\/fr\/wp-json\/wp\/v2\/media?parent=290001"}],"wp:term":[{"taxonomy":"category","embeddable":true,"href":"https:\/\/www.europesays.com\/fr\/wp-json\/wp\/v2\/categories?post=290001"},{"taxonomy":"post_tag","embeddable":true,"href":"https:\/\/www.europesays.com\/fr\/wp-json\/wp\/v2\/tags?post=290001"}],"curies":[{"name":"wp","href":"https:\/\/api.w.org\/{rel}","templated":true}]}}