{"id":290005,"date":"2025-08-01T22:22:16","date_gmt":"2025-08-01T22:22:16","guid":{"rendered":"https:\/\/www.europesays.com\/fr\/290005\/"},"modified":"2025-08-01T22:22:16","modified_gmt":"2025-08-01T22:22:16","slug":"roland-garros-atp-carlos-alcaraz-sur-la-finale-de-roland-garros-a-aucun-moment-je-nai-doute-de-pouvoir-revenir","status":"publish","type":"post","link":"https:\/\/www.europesays.com\/fr\/290005\/","title":{"rendered":"Roland Garros, ATP > Carlos Alcaraz sur la finale de Roland-Garros : \u00ab \u00c0 aucun moment je n&rsquo;ai dout\u00e9 de pouvoir revenir \u00bb"},"content":{"rendered":"<p>M\u00eame si Jannik Sinner a pris sa revanche \u00e0 Wimbledon, la finale de Roland\u2010Garros, remport\u00e9e par Carlos Alcaraz apr\u00e8s un match dantesque, reste encore dans toutes les m\u00e9moires.<\/p>\n<p>Beaucoup aime\u00adraient savoir comment l\u2019Espagnol a su trouver les ressources physiques et mentales pour remonter un tel d\u00e9sa\u00advan\u00adtage, en sauvant m\u00eame trois balles de match, et il semble que le num\u00e9ro 2 mondial n\u2019a jamais vrai\u00adment dout\u00e9 de ses capa\u00adcit\u00e9s, comme il l\u2019a expliqu\u00e9 lors de son entre\u00adtien avec le <a href=\"https:\/\/www.ft.com\/content\/c904a7d4-272e-4b06-a03d-62c8ac644663\" data-wpel-link=\"external\" target=\"_blank\" rel=\"nofollow external noopener\">Financial Times<\/a>.<\/p>\n<p><strong>\u00ab\u202fJ\u2019ai simple\u00adment pens\u00e9 \u00e0 revenir petit \u00e0 petit\u00a0: un point, puis un autre, puis un autre, surtout ces trois points\u2010l\u00e0. Terminer un Grand Chelem est extr\u00ea\u00adme\u00adment diffi\u00adcile, alors je savais que j\u2019aurai des chances. C\u2019est pour\u00adquoi je suis rest\u00e9 calme. Je savais que ce ne serait pas facile pour lui. \u00c0 aucun moment je n\u2019ai dout\u00e9 de pouvoir revenir, mais il faut \u00e9videm\u00adment montrer une image de confiance en soi en perma\u00adnence. D\u00e8s qu\u2019on montre une faiblesse \u00e0 l\u2019autre, c\u2019est fini, on est perdu. C\u2019\u00e9tait un peu l\u2019image que je voulais donner aussi.\u202f\u00bb<\/strong><\/p>\n<p class=\"post-published-date\" style=\"color: silver; font-size: 75%; text-align: left;\">Publi\u00e9 le vendredi 1 ao\u00fbt 2025 \u00e0 19:46<\/p>\n","protected":false},"excerpt":{"rendered":"M\u00eame si Jannik Sinner a pris sa revanche \u00e0 Wimbledon, la finale de Roland\u2010Garros, remport\u00e9e par Carlos Alcaraz&hellip;\n","protected":false},"author":2,"featured_media":168594,"comment_status":"","ping_status":"","sticky":false,"template":"","format":"standard","meta":{"footnotes":""},"categories":[1415],"tags":[1744,1011,27,2127,60,1467],"class_list":{"0":"post-290005","1":"post","2":"type-post","3":"status-publish","4":"format-standard","5":"has-post-thumbnail","7":"category-tennis","8":"tag-alcaraz","9":"tag-fr","10":"tag-france","11":"tag-sinner","12":"tag-sports","13":"tag-tennis"},"share_on_mastodon":{"url":"https:\/\/pubeurope.com\/@fr\/114955848425938155","error":""},"_links":{"self":[{"href":"https:\/\/www.europesays.com\/fr\/wp-json\/wp\/v2\/posts\/290005","targetHints":{"allow":["GET"]}}],"collection":[{"href":"https:\/\/www.europesays.com\/fr\/wp-json\/wp\/v2\/posts"}],"about":[{"href":"https:\/\/www.europesays.com\/fr\/wp-json\/wp\/v2\/types\/post"}],"author":[{"embeddable":true,"href":"https:\/\/www.europesays.com\/fr\/wp-json\/wp\/v2\/users\/2"}],"replies":[{"embeddable":true,"href":"https:\/\/www.europesays.com\/fr\/wp-json\/wp\/v2\/comments?post=290005"}],"version-history":[{"count":0,"href":"https:\/\/www.europesays.com\/fr\/wp-json\/wp\/v2\/posts\/290005\/revisions"}],"wp:featuredmedia":[{"embeddable":true,"href":"https:\/\/www.europesays.com\/fr\/wp-json\/wp\/v2\/media\/168594"}],"wp:attachment":[{"href":"https:\/\/www.europesays.com\/fr\/wp-json\/wp\/v2\/media?parent=290005"}],"wp:term":[{"taxonomy":"category","embeddable":true,"href":"https:\/\/www.europesays.com\/fr\/wp-json\/wp\/v2\/categories?post=290005"},{"taxonomy":"post_tag","embeddable":true,"href":"https:\/\/www.europesays.com\/fr\/wp-json\/wp\/v2\/tags?post=290005"}],"curies":[{"name":"wp","href":"https:\/\/api.w.org\/{rel}","templated":true}]}}