{"id":290006,"date":"2025-08-01T22:24:19","date_gmt":"2025-08-01T22:24:19","guid":{"rendered":"https:\/\/www.europesays.com\/fr\/290006\/"},"modified":"2025-08-01T22:24:19","modified_gmt":"2025-08-01T22:24:19","slug":"5-doublons-motogp-superbike-en-2026","status":"publish","type":"post","link":"https:\/\/www.europesays.com\/fr\/290006\/","title":{"rendered":"5 doublons MotoGP \/ Superbike en 2026"},"content":{"rendered":"<p>&#13;<\/p>\n<p><strong>Les championnats du monde MotoGP et World Superbike sont promus par la m\u00eame entit\u00e9 mais cela n&#8217;emp\u00eache pas les calendriers de s&rsquo;entrechoquer. Ce sera le cas \u00e0 cinq reprises en 2026. Voici les dates avant de retrouver les calendriers complets en bas de page.<\/strong><\/p>\n<ul>\n<li><strong>27-29 mars : <\/strong>Grand Prix des Am\u00e9riques \u00e0 Austin + World Superbike du Portugal \u00e0 Portimao<\/li>\n<li><strong>15-17 mai :<\/strong> Grand Prix de Catalogne \u00e0 Barcelone + World Superbike de Tch\u00e9quie \u00e0 Most<\/li>\n<li><strong>29-31 mai :<\/strong> Grand Prix d&rsquo;Italie au Mugello + World Superbike d&rsquo;Espagne au MotorLand Aragon<\/li>\n<li><strong>10-12 juillet :<\/strong> Grand Prix d&rsquo;Allemagne au Sachsenring + World Superbike de Grande-Bretagne \u00e0 Donington Park<\/li>\n<li><strong>9-11 octobre :<\/strong> Grand Prix d&rsquo;Indon\u00e9sie \u00e0 Mandalika + World Superbike du Portugal \u00e0 Estoril<\/li>\n<\/ul>\n<p><img decoding=\"async\" src=\"https:\/\/www.europesays.com\/fr\/wp-content\/uploads\/2025\/08\/Calendar_16_9-1-.webp.webp\" class=\"kg-image\" alt=\"\" loading=\"lazy\" width=\"2000\" height=\"1125\"  \/><img decoding=\"async\" src=\"https:\/\/www.europesays.com\/fr\/wp-content\/uploads\/2025\/08\/calendrierworldsbk2026-2.jpg\" class=\"kg-image\" alt=\"\" loading=\"lazy\" width=\"1920\" height=\"1080\"  \/>&#13;<br \/>\n           &#13;<br \/>\n&#13;<br \/>\n    &#13;<br \/>\n    &#13;<\/p>\n","protected":false},"excerpt":{"rendered":"&#13; Les championnats du monde MotoGP et World Superbike sont promus par la m\u00eame entit\u00e9 mais cela n&#8217;emp\u00eache&hellip;\n","protected":false},"author":2,"featured_media":290007,"comment_status":"","ping_status":"","sticky":false,"template":"","format":"standard","meta":{"footnotes":""},"categories":[1413],"tags":[1011,27,1457,1456,60],"class_list":{"0":"post-290006","1":"post","2":"type-post","3":"status-publish","4":"format-standard","5":"has-post-thumbnail","7":"category-moto","8":"tag-fr","9":"tag-france","10":"tag-moto","11":"tag-motocycle","12":"tag-sports"},"share_on_mastodon":{"url":"https:\/\/pubeurope.com\/@fr\/114955856519685680","error":""},"_links":{"self":[{"href":"https:\/\/www.europesays.com\/fr\/wp-json\/wp\/v2\/posts\/290006","targetHints":{"allow":["GET"]}}],"collection":[{"href":"https:\/\/www.europesays.com\/fr\/wp-json\/wp\/v2\/posts"}],"about":[{"href":"https:\/\/www.europesays.com\/fr\/wp-json\/wp\/v2\/types\/post"}],"author":[{"embeddable":true,"href":"https:\/\/www.europesays.com\/fr\/wp-json\/wp\/v2\/users\/2"}],"replies":[{"embeddable":true,"href":"https:\/\/www.europesays.com\/fr\/wp-json\/wp\/v2\/comments?post=290006"}],"version-history":[{"count":0,"href":"https:\/\/www.europesays.com\/fr\/wp-json\/wp\/v2\/posts\/290006\/revisions"}],"wp:featuredmedia":[{"embeddable":true,"href":"https:\/\/www.europesays.com\/fr\/wp-json\/wp\/v2\/media\/290007"}],"wp:attachment":[{"href":"https:\/\/www.europesays.com\/fr\/wp-json\/wp\/v2\/media?parent=290006"}],"wp:term":[{"taxonomy":"category","embeddable":true,"href":"https:\/\/www.europesays.com\/fr\/wp-json\/wp\/v2\/categories?post=290006"},{"taxonomy":"post_tag","embeddable":true,"href":"https:\/\/www.europesays.com\/fr\/wp-json\/wp\/v2\/tags?post=290006"}],"curies":[{"name":"wp","href":"https:\/\/api.w.org\/{rel}","templated":true}]}}