{"id":290012,"date":"2025-08-01T22:27:13","date_gmt":"2025-08-01T22:27:13","guid":{"rendered":"https:\/\/www.europesays.com\/fr\/290012\/"},"modified":"2025-08-01T22:27:13","modified_gmt":"2025-08-01T22:27:13","slug":"rennes-andres-gomez-sur-le-depart-maxifoot","status":"publish","type":"post","link":"https:\/\/www.europesays.com\/fr\/290012\/","title":{"rendered":"Rennes : Andr\u00e9s Gomez sur le d\u00e9part &#8211; Maxifoot"},"content":{"rendered":"<ol>\n<li><a href=\"https:\/\/news.google.com\/rss\/articles\/CBMifkFVX3lxTE0tdEQxdnBJeC1nS2NPUWo0M0hyV1M4Y0owUG5KaWxmYUpfWkU5WDJoci1LT3Z2YnVFNUZEUDRLdWt6ZXJ6M1YySnRXQm9HYmxZWDAwM0loSTlZS2tXMTZuWE1RUEU4NHh0TnFlRVZ4NUc4RXBndWdhVWVGZ0pmZw?oc=5\" target=\"_blank\" rel=\"noopener\">Rennes : Andr\u00e9s Gomez sur le d\u00e9part<\/a>&nbsp;&nbsp;Maxifoot<\/li>\n<li><a href=\"https:\/\/news.google.com\/rss\/articles\/CBMimAFBVV95cUxOU0l0dzVPX2xGTjVMUFlycXdnclZsR0F0aXJOWlpyUUNMcWNvWVkwOFdlRkRDV0plV09WQWZTS3JtekpWSUxUS0owQm5XRmk5WmR0QlVjTGFnYjFDMGdTQWpMaUxLUFJwZW0tNmZ2TGZ5QW5nek53ZjZnUkJiY0ljYVdEdmswVmZrSmtIdWYxbGNIZEhJZHhBQQ?oc=5\" target=\"_blank\" rel=\"noopener\">Mercato : Andr\u00e9s Gomez vers le Vasco de Gama<\/a>&nbsp;&nbsp;L&rsquo;\u00c9quipe<\/li>\n<li><a href=\"https:\/\/news.google.com\/rss\/articles\/CBMikAFBVV95cUxQcEt0U19KMFZEcFlQcUtLZTVMTGwyQVFXam5PUklUOWQydFpwbzB2bEdLRUZJaVAzdGg1Q1FVb2RCRklvZTV0Wi1lRGxxQzFIS1g0ZFBGSV9XZUx5WWZVbHNLcmlBSlZLT1lMS3IyOWJNclBTU282d0ZTeEI5Yk9qSXhYdmd2d3NTTzdMYUdUT3E?oc=5\" target=\"_blank\" rel=\"noopener\">Mercato : Andr\u00e9s Gomez en pr\u00eat au Vasco de Gama ?<\/a>&nbsp;&nbsp;Stade Rennais Online<\/li>\n<li><a href=\"https:\/\/news.google.com\/rss\/articles\/CBMiuwFBVV95cUxOX1dIWkFxQzFVb2dtTW1xTDY2d21KR0RBdDhvMEtDVmFjeC1RbzZCckNXcVg1MnMwQlRxaDU3M1lEU3pYOXMxUWFNdHoxMEVtYUJXMGtXWU1BM0stVi1aQ1NBVmlIdkl5VGN1YmphbUpLOFh4cTdGOWhQTE0tRTQ4UVRrM0ZhUUxVV0l3Rnoxb0xEeC1YUE1Kci1XNm93dHNSVVpkemdKUER5TmlvTGF5MmhVM3BwY0hCRk1z?oc=5\" target=\"_blank\" rel=\"noopener\">Stade Rennais : un pari perdu \u00e0 10M\u20ac sign\u00e9 Massara, le SRFC va perdre de l&rsquo;argent<\/a>&nbsp;&nbsp;Jeunesfooteux<\/li>\n<li><a href=\"https:\/\/news.google.com\/rss\/articles\/CBMimwFBVV95cUxPajlaSW80bHVHWUJGbjl0V0tMMjk5WVlIWmxNUGZwNlJObTlNNUlKZmdmMTVtcExWOTlsSnMxMHpxVV9PS281NGZNSDk1U3VST2FIaU03VHhWUUNUa0Y5ZkZKamViYURRNjY4NWk2UTNsZjloRzhjRHpReTVGNUV3a0FCSS1pQldZRS12Z0dEQmxzVmYxRjA3S01nOA?oc=5\" target=\"_blank\" rel=\"noopener\">Mercato Rennes : la grande braderie bat son plein, un ailier file au Br\u00e9sil<\/a>&nbsp;&nbsp;wesportfr.com<\/li>\n<\/ol>\n","protected":false},"excerpt":{"rendered":"Rennes : Andr\u00e9s Gomez sur le d\u00e9part&nbsp;&nbsp;Maxifoot Mercato : Andr\u00e9s Gomez vers le Vasco de Gama&nbsp;&nbsp;L&rsquo;\u00c9quipe Mercato :&hellip;\n","protected":false},"author":2,"featured_media":290013,"comment_status":"","ping_status":"","sticky":false,"template":"","format":"standard","meta":{"footnotes":""},"categories":[1410],"tags":[2266,2262,2261,1981,83,2260,451,2263,462,2269,2257,63,1011,27,2265,1441,453,66,447,2267,955,2268,241,149,70,1817,93,2264,2258,2259,60,969,455],"class_list":{"0":"post-290012","1":"post","2":"type-post","3":"status-publish","4":"format-standard","5":"has-post-thumbnail","7":"category-football","8":"tag-as-monaco","9":"tag-bundesligua","10":"tag-calcio","11":"tag-classement","12":"tag-coupe-de-france","13":"tag-coupe-de-la-ligue","14":"tag-coupe-du-monde","15":"tag-equipe","16":"tag-fc-nantes","17":"tag-fifa","18":"tag-foot","19":"tag-football","20":"tag-fr","21":"tag-france","22":"tag-girondins-bordeaux","23":"tag-joueur","24":"tag-liga","25":"tag-ligue-1","26":"tag-ligue-des-champions","27":"tag-losc","28":"tag-match","29":"tag-ogc-nice","30":"tag-ol","31":"tag-om","32":"tag-premier-league","33":"tag-pronostic","34":"tag-psg","35":"tag-rc-lens","36":"tag-resultat","37":"tag-score","38":"tag-sports","39":"tag-transfert","40":"tag-uefa"},"share_on_mastodon":{"url":"https:\/\/pubeurope.com\/@fr\/114955868287118866","error":""},"_links":{"self":[{"href":"https:\/\/www.europesays.com\/fr\/wp-json\/wp\/v2\/posts\/290012","targetHints":{"allow":["GET"]}}],"collection":[{"href":"https:\/\/www.europesays.com\/fr\/wp-json\/wp\/v2\/posts"}],"about":[{"href":"https:\/\/www.europesays.com\/fr\/wp-json\/wp\/v2\/types\/post"}],"author":[{"embeddable":true,"href":"https:\/\/www.europesays.com\/fr\/wp-json\/wp\/v2\/users\/2"}],"replies":[{"embeddable":true,"href":"https:\/\/www.europesays.com\/fr\/wp-json\/wp\/v2\/comments?post=290012"}],"version-history":[{"count":0,"href":"https:\/\/www.europesays.com\/fr\/wp-json\/wp\/v2\/posts\/290012\/revisions"}],"wp:featuredmedia":[{"embeddable":true,"href":"https:\/\/www.europesays.com\/fr\/wp-json\/wp\/v2\/media\/290013"}],"wp:attachment":[{"href":"https:\/\/www.europesays.com\/fr\/wp-json\/wp\/v2\/media?parent=290012"}],"wp:term":[{"taxonomy":"category","embeddable":true,"href":"https:\/\/www.europesays.com\/fr\/wp-json\/wp\/v2\/categories?post=290012"},{"taxonomy":"post_tag","embeddable":true,"href":"https:\/\/www.europesays.com\/fr\/wp-json\/wp\/v2\/tags?post=290012"}],"curies":[{"name":"wp","href":"https:\/\/api.w.org\/{rel}","templated":true}]}}