{"id":290014,"date":"2025-08-01T22:28:13","date_gmt":"2025-08-01T22:28:13","guid":{"rendered":"https:\/\/www.europesays.com\/fr\/290014\/"},"modified":"2025-08-01T22:28:13","modified_gmt":"2025-08-01T22:28:13","slug":"je-suis-tres-heureuse-elsa-bois-sa-relation-avec-florent-manaudou-et-ses-debuts-dans-ici-tout-commence-elle-balance-tout","status":"publish","type":"post","link":"https:\/\/www.europesays.com\/fr\/290014\/","title":{"rendered":"\u00ab\u00a0Je suis tr\u00e8s heureuse\u00a0\u00bb : Elsa Bois, sa relation avec Florent Manaudou et ses d\u00e9buts dans \u00ab\u00a0Ici tout commence\u00a0\u00bb, elle balance tout"},"content":{"rendered":"<p>Un bin\u00f4me qui lui joue des tours aujourd\u2019hui. Au cours de <a href=\"https:\/\/www.public.fr\/florent-manaudou-en-depression-pendant-danse-avec-les-stars-il-evoque-des-moments-compliques-depuis-sa-rencontre-avec-elsa-bois\" rel=\"nofollow noopener\" target=\"_blank\">la derni\u00e8re saison de <strong>\u00ab\u00a0Danse avec les stars\u00a0\u00bb<\/strong><\/a>, <a href=\"https:\/\/vsd.fr\/76333-elsa-bois-et-florent-manaudou-le-gros-ras-le-bol-de-jean-marc-genereux\/\" rel=\"nofollow noopener\" target=\"_blank\">Elsa Bois a vivement fait r\u00e9agir<\/a> et a subi de nombreuses critiques. La faute \u00e0 une trop grande proximit\u00e9 avec <a href=\"https:\/\/www.public.fr\/tag\/florent-manaudou\" rel=\"nofollow noopener\" target=\"_blank\">Florent Manaudou<\/a> selon nombre d\u2019internautes.<\/p>\n<p>Pourtant, le nageur \u00e9tait son partenaire sur le parquet de l\u2019\u00e9mission de TF1. De fait, pour la comp\u00e9tition et pour tenter d\u2019aller le plus loin possible dans le programme, la jeune danseuse a d\u00fb donner de sa personne afin de \u00ab\u00a0d\u00e9coincer\u00a0\u00bb le fr\u00e8re de <a href=\"https:\/\/www.public.fr\/tag\/laure-manaudou\" rel=\"nofollow noopener\" target=\"_blank\">Laure Manaudou<\/a>. Elle s\u2019est donc beaucoup investie au cours des entra\u00eenements et lors des interpr\u00e9tations sur le parquet.\u00a0<\/p>\n<p>Cette proximit\u00e9 et cette alchimie entre les deux ont d\u00e9coul\u00e9 sur de nombreuses rumeurs. Nos confr\u00e8res de Voici indiquant par exemple qu\u2019ils seraient aujourd\u2019hui en couple. N\u00e9anmoins, les principaux int\u00e9ress\u00e9s n\u2019ont jamais confirm\u00e9 cette relation.<\/p>\n<p>Elsa Bois harcel\u00e9e \u00e0 cause de son bin\u00f4me avec Florent Manaudou<\/p>\n<p>Si cette proximit\u00e9 fait autant parler c\u2019est parce que quelques semaines avant le d\u00e9but de la nouvelle saison de <strong>\u00ab\u00a0Danse avec les stars\u00a0\u00bb<\/strong>, <a href=\"https:\/\/www.public.fr\/danse-avec-les-stars-michou-annonce-sa-rupture-avec-elsa-bois\" rel=\"nofollow noopener\" target=\"_blank\">Elsa Bois et Michou se quittaient<\/a> apr\u00e8s trois ans de couple. Pour nombre d\u2019internautes, la jeune danseuse aurait mis fin \u00e0 sa relation en apprenant qu\u2019elle allait partager l\u2019aventure avec Florent Manaudou.\u00a0<\/p>\n<p>Une situation qui a conduit \u00e0 une vague de harc\u00e8lement envers Elsa Bois. Un harc\u00e8lement qui ne devrait pas cesser selon la principale int\u00e9ress\u00e9e. En effet, \u00e0 la mi-ao\u00fbt, la jeune danseuse va appara\u00eetre dans la s\u00e9rie \u00ab\u00a0Ici tout commence\u00a0\u00bb pour interpr\u00e9ter Ninon, la petite s\u0153ur de P\u00e9n\u00e9lope (Laurence Facelina).<\/p>\n<p>Elle se pr\u00e9pare \u00e0 de nouvelles critiques pour ses d\u00e9buts dans \u00ab\u00a0Ici tout commence\u00a0\u00bb<\/p>\n<p>Heureuse de cette nouvelle exp\u00e9rience, la danseuse de <strong>\u00ab\u00a0Danse avec les stars\u00a0\u00bb<\/strong> se pr\u00e9pare n\u00e9anmoins \u00e0 une p\u00e9riode compliqu\u00e9e \u00e0 venir : \u00ab\u00a0<strong>J\u2019ai toujours v\u00e9cu du harc\u00e8lement <\/strong>depuis que je suis sur la sc\u00e8ne publique. J\u2019ai appris \u00e0 vivre avec. J\u2019ai bien conscience que\u00a0mes d\u00e9buts dans la s\u00e9rie vont \u00eatre critiqu\u00e9s\u00a0\u00bb, confie-t-elle \u00e0 <a href=\"https:\/\/www.telestar.fr\/serie_tv\/exclu-elsa-bois-dans-ici-tout-commence-mes-debuts-dans-la-serie-vont-ce-triste-constat-de-la-star-de-dals-1733515\" rel=\"nofollow noopener\" target=\"_blank\">T\u00e9l\u00e9star<\/a>.<\/p>\n<p>Malgr\u00e9 son jeune \u00e2ge et la situation qu\u2019elle endure, Elsa Bois fait preuve de maturit\u00e9 et d\u2019une grande force mentale. \u00ab\u00a0Il y a des gens \u00e0 qui \u00e7a ne plaira pas et c\u2019est normal. Mais aujourd\u2019hui \u00e7a va.\u00a0<strong>Je suis tr\u00e8s heureuse dans ma vie professionnelle comme personnelle\u00a0\u00bb<\/strong>, r\u00e9v\u00e8le-t-elle \u00e0 nos confr\u00e8res. De plus, elle peut compter sur le soutien de ses proches dans ces moments difficiles : \u00ab\u00a0Ma m\u00e8re a commenc\u00e9 \u00e0 regarder la s\u00e9rie pour \u00eatre \u00e0 la page au moment o\u00f9 mon personnage arrive\u00a0\u00bb.<\/p>\n<p>En ce qui concerne sa vie priv\u00e9e et une \u00e9ventuelle histoire d\u2019amour avec Florent Manaudou botte en touche et explique : \u00ab\u00a0Aujourd\u2019hui j\u2019ai pour objectif de garder mes relations amoureuses priv\u00e9es\u00a0\u00bb.<\/p>\n<p>      Mentionn\u00e9s dans cet article<\/p>\n<p>      Sur le m\u00eame sujet<\/p>\n","protected":false},"excerpt":{"rendered":"Un bin\u00f4me qui lui joue des tours aujourd\u2019hui. Au cours de la derni\u00e8re saison de \u00ab\u00a0Danse avec les&hellip;\n","protected":false},"author":2,"featured_media":290015,"comment_status":"","ping_status":"","sticky":false,"template":"","format":"standard","meta":{"footnotes":""},"categories":[1359],"tags":[1193,194,58,7744,59,925,1011,27,620,973],"class_list":{"0":"post-290014","1":"post","2":"type-post","3":"status-publish","4":"format-standard","5":"has-post-thumbnail","7":"category-people","8":"tag-couple","9":"tag-danse-avec-les-stars","10":"tag-divertissement","11":"tag-elsa-bois","12":"tag-entertainment","13":"tag-florent-manaudou","14":"tag-fr","15":"tag-france","16":"tag-ici-tout-commence","17":"tag-people"},"share_on_mastodon":{"url":"https:\/\/pubeurope.com\/@fr\/114955872212991476","error":""},"_links":{"self":[{"href":"https:\/\/www.europesays.com\/fr\/wp-json\/wp\/v2\/posts\/290014","targetHints":{"allow":["GET"]}}],"collection":[{"href":"https:\/\/www.europesays.com\/fr\/wp-json\/wp\/v2\/posts"}],"about":[{"href":"https:\/\/www.europesays.com\/fr\/wp-json\/wp\/v2\/types\/post"}],"author":[{"embeddable":true,"href":"https:\/\/www.europesays.com\/fr\/wp-json\/wp\/v2\/users\/2"}],"replies":[{"embeddable":true,"href":"https:\/\/www.europesays.com\/fr\/wp-json\/wp\/v2\/comments?post=290014"}],"version-history":[{"count":0,"href":"https:\/\/www.europesays.com\/fr\/wp-json\/wp\/v2\/posts\/290014\/revisions"}],"wp:featuredmedia":[{"embeddable":true,"href":"https:\/\/www.europesays.com\/fr\/wp-json\/wp\/v2\/media\/290015"}],"wp:attachment":[{"href":"https:\/\/www.europesays.com\/fr\/wp-json\/wp\/v2\/media?parent=290014"}],"wp:term":[{"taxonomy":"category","embeddable":true,"href":"https:\/\/www.europesays.com\/fr\/wp-json\/wp\/v2\/categories?post=290014"},{"taxonomy":"post_tag","embeddable":true,"href":"https:\/\/www.europesays.com\/fr\/wp-json\/wp\/v2\/tags?post=290014"}],"curies":[{"name":"wp","href":"https:\/\/api.w.org\/{rel}","templated":true}]}}