{"id":290020,"date":"2025-08-01T22:31:13","date_gmt":"2025-08-01T22:31:13","guid":{"rendered":"https:\/\/www.europesays.com\/fr\/290020\/"},"modified":"2025-08-01T22:31:13","modified_gmt":"2025-08-01T22:31:13","slug":"jai-appele-pierre-en-larmes-fred-lamour-est-dans-le-pre-et-son-compagnon-effrayes-un-intrus-dangereux-sinstalle-chez-eux","status":"publish","type":"post","link":"https:\/\/www.europesays.com\/fr\/290020\/","title":{"rendered":"\u00ab\u00a0J&rsquo;ai appel\u00e9 Pierre en larmes\u00a0\u00bb : Fred (L&rsquo;amour est dans le pr\u00e9) et son compagnon effray\u00e9s, un intrus dangereux s&rsquo;installe chez eux"},"content":{"rendered":"<p><strong>Grosse frayeur pour <a href=\"https:\/\/www.public.fr\/pierre-et-fred-de-lamour-est-dans-le-pre-face-a-un-enorme-drame-familial\" rel=\"nofollow noopener\" target=\"_blank\">Pierre et Fred<\/a><\/strong> ce vendredi matin\u2026 En effet, dans la journ\u00e9e, l\u2019ancienne candidate de <strong>\u00ab\u00a0L\u2019amour est dans le pr\u00e9\u00a0\u00bb<\/strong> a pris la parole pour r\u00e9v\u00e9ler qu\u2019un intrus avait \u00e9lu domicile sur leur exploitation. Un intrus tr\u00e8s dangereux dans le cas o\u00f9 nous sommes allergiques \u00e0 ses piqures : <strong>le frelon asiatique.\u00a0<\/strong><\/p>\n<p><a href=\"https:\/\/www.instagram.com\/pierrefredlamourestdanslepre\/?hl=fr\" rel=\"nofollow noopener\" target=\"_blank\">Fred est apparue<\/a> <strong>tr\u00e8s inqui\u00e8te<\/strong> sur son compte Instagram ce vendredi 1er ao\u00fbt pour annoncer la mauvaise nouvelle. N\u00e9anmoins, celle-ci semblait s\u2019attendre \u00e0 la mauvaise surprise. En effet, lors de sa prise de parole, elle a r\u00e9v\u00e9l\u00e9 qu\u2019elle regard\u00e9 \u00ab\u00a0chaque jour\u00a0\u00bb pour voir si un nid n\u2019\u00e9tait pas apparu. Selon ses dires, ces insectes auraient pour habitude de \u00ab\u00a0s\u00e9journer\u00a0\u00bb sur leur exploitation.<\/p>\n<p>L&rsquo;ancienne candidate de \u00ab\u00a0L&rsquo;amour est dans le pr\u00e9\u00a0\u00bb d\u00e9sempar\u00e9e face aux frelons asiatiques<\/p>\n<p>C\u2019est donc avec une petite mine, \u00ab\u00a0pas maquill\u00e9e\u00a0\u00bb, que l\u2019ancienne candidate de <strong>\u00ab\u00a0L\u2019amour est dans le pr\u00e9\u00a0\u00bb<\/strong> est apparue sur son compte Instagram pour partager la mauvaise nouvelle. \u00ab\u00a0Nid de frelons asiatiques ce matin\u2026 Je sors pour aller chercher des pots de confiture et <strong>je vois un nid de frelons asiatiques dans le patio\u00a0\u00bb<\/strong>, indique-t-elle \u00e0 sa communaut\u00e9.<\/p>\n<p>Par la suite, l&rsquo;ancienne candidate du programme de M6 pr\u00e9sent\u00e9 par <a href=\"https:\/\/www.public.fr\/tag\/karine-le-marchand\" rel=\"nofollow noopener\" target=\"_blank\">Karine Le Marchand<\/a>, indique regarder \u00ab\u00a0tous les jours pour voir s&rsquo;il y&rsquo;en a pas, car y&rsquo;a un endroit o\u00f9<strong> ils viennent tout le temps<\/strong>\u00ab\u00a0. Heureusement, les parents de Gabriel, qui se sont connus dans <strong>\u00ab\u00a0L&rsquo;amour est dans le pr\u00e9\u00a0\u00bb<\/strong>, ont eu le bon r\u00e9flexe et la chance d\u2019avoir une connaissance qui s\u2019occupe des nids de frelons asiatiques.<\/p>\n<p>\u00ab\u00a0Heureusement qu&rsquo;on connait quelqu&rsquo;un qui habite pas tr\u00e8s loin et qui tue les nids. Je vous montre pas la photo car moi je suis une phobique ! (&#8230;) <strong>J&rsquo;ai appel\u00e9 en larmes<\/strong>, qui a donc appel\u00e9 un ami \u00e0 lui qui s&rsquo;occupe des nids de frelons. Il est venu une demi-heure apr\u00e8s, merci Toto&#8230;\u00a0\u00bb,\u00a0a conclu l\u2019ancienne candidate de \u00ab\u00a0L\u2019amour est dans le pr\u00e9\u00a0\u00bb, rassur\u00e9e d\u2019avoir \u00e9radiquer le nid.<\/p>\n<p>Les bons gestes \u00e0 adopter<\/p>\n<p>Pour rappel, dans le cas o\u00f9 vous faites vous aussi face \u00e0 un nid de frelons asiatiques, ayez le bon r\u00e9flexe et faites comme le couple de <strong>\u00ab\u00a0L\u2019amour est dans le pr\u00e9\u00a0\u00bb<\/strong>. Vous ne devez, en aucun cas, tenter de l\u2019\u00e9radiquer vous m\u00eame sans protection ad\u00e9quate.<\/p>\n<p>Si vous d\u00e9couvrez un nid chez vous ou sur votre terrain, faites donc appel \u00e0 professionnel sp\u00e9cialis\u00e9s dans le domaine. Dans le cas o\u00f9 des voisins se trouvent proches du nid en question, n\u2019h\u00e9sitez pas \u00e0 les pr\u00e9venir dans le cas o\u00f9 ces derniers, ou l\u2019un de leurs proches, est allergique au piqure de frelons asiatiques ou d\u2019insectes en g\u00e9n\u00e9ral.\u00a0<\/p>\n<p>En esp\u00e9rant que <a href=\"https:\/\/www.public.fr\/aucun-voyeurisme-de-notre-part-fred-et-pierre-lamour-est-dans-le-pre-grosse-mise-au-point-apres-la-mort-de-leur-neveu\" rel=\"nofollow noopener\" target=\"_blank\">Pierre et Fred<\/a> de <strong>\u00ab\u00a0L\u2019amour est dans le pr\u00e9\u00a0\u00bb<\/strong> puissent passer une fin d\u2019\u00e9t\u00e9 sans retrouver d\u2019intrus dans leur jardin dans les prochaines semaines.<\/p>\n<p>      Mentionn\u00e9s dans cet article<\/p>\n<p>      Sur le m\u00eame sujet<\/p>\n<p>  <script async src=\"\/\/www.instagram.com\/embed.js\"><\/script><\/p>\n","protected":false},"excerpt":{"rendered":"Grosse frayeur pour Pierre et Fred ce vendredi matin\u2026 En effet, dans la journ\u00e9e, l\u2019ancienne candidate de \u00ab\u00a0L\u2019amour&hellip;\n","protected":false},"author":2,"featured_media":290021,"comment_status":"","ping_status":"","sticky":false,"template":"","format":"standard","meta":{"footnotes":""},"categories":[1356],"tags":[58,59,1011,27,16705,5413,9307,252,1364],"class_list":{"0":"post-290020","1":"post","2":"type-post","3":"status-publish","4":"format-standard","5":"has-post-thumbnail","7":"category-television","8":"tag-divertissement","9":"tag-entertainment","10":"tag-fr","11":"tag-france","12":"tag-insecte","13":"tag-karine-le-marchand","14":"tag-lamour-est-dans-le-pre","15":"tag-television","16":"tag-tv"},"share_on_mastodon":{"url":"https:\/\/pubeurope.com\/@fr\/114955884005773160","error":""},"_links":{"self":[{"href":"https:\/\/www.europesays.com\/fr\/wp-json\/wp\/v2\/posts\/290020","targetHints":{"allow":["GET"]}}],"collection":[{"href":"https:\/\/www.europesays.com\/fr\/wp-json\/wp\/v2\/posts"}],"about":[{"href":"https:\/\/www.europesays.com\/fr\/wp-json\/wp\/v2\/types\/post"}],"author":[{"embeddable":true,"href":"https:\/\/www.europesays.com\/fr\/wp-json\/wp\/v2\/users\/2"}],"replies":[{"embeddable":true,"href":"https:\/\/www.europesays.com\/fr\/wp-json\/wp\/v2\/comments?post=290020"}],"version-history":[{"count":0,"href":"https:\/\/www.europesays.com\/fr\/wp-json\/wp\/v2\/posts\/290020\/revisions"}],"wp:featuredmedia":[{"embeddable":true,"href":"https:\/\/www.europesays.com\/fr\/wp-json\/wp\/v2\/media\/290021"}],"wp:attachment":[{"href":"https:\/\/www.europesays.com\/fr\/wp-json\/wp\/v2\/media?parent=290020"}],"wp:term":[{"taxonomy":"category","embeddable":true,"href":"https:\/\/www.europesays.com\/fr\/wp-json\/wp\/v2\/categories?post=290020"},{"taxonomy":"post_tag","embeddable":true,"href":"https:\/\/www.europesays.com\/fr\/wp-json\/wp\/v2\/tags?post=290020"}],"curies":[{"name":"wp","href":"https:\/\/api.w.org\/{rel}","templated":true}]}}