{"id":290022,"date":"2025-08-01T22:32:14","date_gmt":"2025-08-01T22:32:14","guid":{"rendered":"https:\/\/www.europesays.com\/fr\/290022\/"},"modified":"2025-08-01T22:32:14","modified_gmt":"2025-08-01T22:32:14","slug":"cette-star-internationale-et-compagne-dun-celebre-chanteur-francais-passe-ses-vacances-a-rouen","status":"publish","type":"post","link":"https:\/\/www.europesays.com\/fr\/290022\/","title":{"rendered":"Cette star internationale et compagne d&rsquo;un c\u00e9l\u00e8bre chanteur fran\u00e7ais passe ses vacances&#8230; \u00e0 Rouen !"},"content":{"rendered":"<p>            <img loading=\"lazy\" decoding=\"async\" src=\"https:\/\/www.europesays.com\/fr\/wp-content\/uploads\/2025\/04\/150-66cc601646b5f-35x35-1.jpg\" class=\"author-article-picture\" width=\"35\" height=\"35\"\/><\/p>\n<p>                Par<br \/>\n                                    <a class=\"author-article-bio-link\" href=\"https:\/\/www.purepeople.com\/auteur\/adrian-gauteye_a150\" rel=\"nofollow noopener\" target=\"_blank\">Adrian Gauteye<\/a><br \/>\n                                                    | R\u00e9dacteur<\/p>\n<p>\n                \u00ab La Vie, c&rsquo;est comme une bo\u00eete de chocolats : on ne sait jamais sur quoi on va tomber \u00bb. Avec Adrien, c\u2019est un peu pareil. En plus de se passionner pour les r\u00e9pliques de films culte, il \u00e9crit aussi bien sur La villa des coeurs bris\u00e9s qu\u2019\u00e0 propos de la famille royale britannique. Rassurez-vous, jamais les deux ensemble. Du moins pas encore&#8230;\n            <\/p>\n<p>\n    En vacances en Normandie, Christina Milian a pos\u00e9 ses valises \u00e0 Rouen pour une escapade familiale pleine de charme et d\u2019\u00e9motion. Entre balades dans le centre historique, visites au parc animalier et moments complices avec ses proches, la chanteuse a partag\u00e9 sur les r\u00e9seaux sociaux des instants sinc\u00e8res et touchants, loin des projecteurs.\n<\/p>\n<p>                            <img loading=\"lazy\" decoding=\"async\" class=\"player-thumbnail\" src=\"https:\/\/www.europesays.com\/fr\/wp-content\/uploads\/2025\/08\/6b775e5327c50c11-580x326-2.jpg\" width=\"580\" height=\"326\"\/><\/p>\n<p>                    Cette star internationale et compagne d&rsquo;un c\u00e9l\u00e8bre chanteur fran\u00e7ais passe ses vacances&#8230; \u00e0 Rouen !<\/p>\n<p>La suite apr\u00e8s la publicit\u00e9<\/p>\n<p><a href=\"https:\/\/www.purepeople.com\/people\/christina-milian_p272039\" rel=\"nofollow noopener\" target=\"_blank\">Christina Milian<\/a> a choisi <strong>la Normandie pour une parenth\u00e8se ensoleill\u00e9e et familiale<\/strong>. Sur ses r\u00e9seaux sociaux, la chanteuse et actrice am\u00e9ricaine, install\u00e9e entre la France et les \u00c9tats-Unis depuis plusieurs ann\u00e9es, a r\u00e9cemment partag\u00e9 une s\u00e9rie de clich\u00e9s \u00e9mouvants et chaleureux de ses vacances \u00e0 Rouen, aux c\u00f4t\u00e9s de son mari <a href=\"https:\/\/www.purepeople.com\/people\/m-pokora_p591\" rel=\"nofollow noopener\" target=\"_blank\">Matt Pokora<\/a>, de<a href=\"https:\/\/www.purepeople.com\/article\/-c-est-pas-toujours-facile-m-pokora-papa-honnete-de-deux-enfants-avec-15-mois-d-ecart_a499732\/1\" rel=\"nofollow noopener\" target=\"_blank\"> leurs enfants, Isaiah, n\u00e9 en janvier 2020, et Kenna, en avril 2021<\/a>, de son p\u00e8re et d\u2019une femme qui semble \u00eatre la compagne de ce dernier. En l\u00e9gende d\u2019un carrousel Instagram, Christina confie : <strong>\u00ab\u00a0<\/strong><strong>Petite pause bien m\u00e9rit\u00e9e. Des moments comme celui-ci me font sentir que je ne suis pas si loin de chez moi<\/strong>. Le temps en famille fait du bien \u00e0 l\u2019\u00e2me.\u00a0\u00bb Un message qui a touch\u00e9 ses abonn\u00e9s, nombreux \u00e0 saluer cette parenth\u00e8se familiale.<\/p>\n<p>Parmi les clich\u00e9s partag\u00e9s, on d\u00e9couvre<strong> les enfants du couple s\u2019amusant sur un man\u00e8ge<\/strong> install\u00e9 dans les rues de Rouen, visiblement ravis de l\u2019ambiance festive de la ville. Une autre s\u00e9rie de photos les montre <strong>en pleine visite d\u2019un parc animalier<\/strong>, o\u00f9 Christina, souriante, porte un iguane sur le bras. Impossible de passer \u00e0 c\u00f4t\u00e9 du charme de la vieille ville : <strong>Christina et sa famille ont fl\u00e2n\u00e9 dans les rues pav\u00e9es du centre historique<\/strong> de Rouen, avec un arr\u00eat remarqu\u00e9 devant la majestueuse cath\u00e9drale Notre-Dame.<\/p>\n<p>Mais c\u2019est peut-\u00eatre dans l\u2019intimit\u00e9 d\u2019un jardin que l\u2019on retrouve les images les plus touchantes : <strong>Christina et son p\u00e8re, dans les bras l&rsquo;un de l&rsquo;autre, profitent d\u2019un coucher de solei<\/strong>l. Un instant suspendu, empreint de complicit\u00e9 p\u00e8re-fille, que la star a choisi de partager sans artifices.<\/p>\n<p>Enfin, leur passage n\u2019a pas \u00e9chapp\u00e9 \u00e0 <strong>l\u2019un des joyaux gastronomiques de la r\u00e9gion<\/strong>. L\u2019auberge La Couronne, r\u00e9put\u00e9e comme la plus ancienne de France, fond\u00e9e en 1345 et situ\u00e9e sur la place du Vieux March\u00e9, a publi\u00e9 une photo de Christina Milian sur ses r\u00e9seaux, ajoutant : <strong>\u00ab\u00a0<\/strong><strong>La Couronne a eu le plaisir d&rsquo;accueillir l&rsquo;actrice, productrice et chanteuse am\u00e9ricaine Christina Milian<\/strong> vue r\u00e9cemment dans Dexter : les origines.\u00a0\u00bb Une mani\u00e8re de saluer l\u2019arriv\u00e9e d\u2019une star internationale dans ce lieu embl\u00e9matique charg\u00e9 d\u2019histoire.<\/p>\n<\/p>\n<p>Ces quelques jours pass\u00e9s \u00e0 Rouen semblent avoir offert \u00e0 <strong>Christina Milian, <\/strong><a href=\"https:\/\/www.purepeople.com\/article\/m-pokora-et-christina-milian-ont-choisi-de-ne-plus-vivre-a-los-angeles-le-chanteur-explique-pourquoi-et-se-confie-sur-leur-vie-parisienne_a535991\/1\" rel=\"nofollow noopener\" target=\"_blank\"><strong>qui a r\u00e9cemment d\u00e9cid\u00e9 de ne plus vivre \u00e0 Los Angeles<\/strong><\/a>, une respiration bienvenue, loin du tumulte des projecteurs. Une escapade simple, authentique et empreinte d\u2019amour familial. Comme quoi, les plus beaux moments sont parfois les plus simples !\u00a0<\/p>\n<p>        <img decoding=\"async\" class=\"thumb-img-100 thumb-img\" src=\"https:\/\/www.europesays.com\/fr\/wp-content\/uploads\/2025\/08\/e897e6ea70b9aa3a-320x180-2.jpg\" alt=\"Christina Milian et M.Pokora s'offrent un week-end gourmand en Savoie et d\u00e9voilent des images craquantes de leurs fils d\u00e9j\u00e0 si grands !\" width=\"320\" height=\"180\" loading=\"lazy\" role=\"presentation\"\/><\/p>\n<p>                                            Christina Milian et M.Pokora s&rsquo;offrent un week-end gourmand en Savoie et d\u00e9voilent des images craquantes de leurs fils d\u00e9j\u00e0 si grands !<\/p>\n","protected":false},"excerpt":{"rendered":"Par Adrian Gauteye | R\u00e9dacteur \u00ab La Vie, c&rsquo;est comme une bo\u00eete de chocolats : on ne sait&hellip;\n","protected":false},"author":2,"featured_media":290023,"comment_status":"","ping_status":"","sticky":false,"template":"","format":"standard","meta":{"footnotes":""},"categories":[1355],"tags":[58,59,1011,27,1361,873],"class_list":{"0":"post-290022","1":"post","2":"type-post","3":"status-publish","4":"format-standard","5":"has-post-thumbnail","7":"category-musique","8":"tag-divertissement","9":"tag-entertainment","10":"tag-fr","11":"tag-france","12":"tag-music","13":"tag-musique"},"share_on_mastodon":{"url":"https:\/\/pubeurope.com\/@fr\/114955888076472127","error":""},"_links":{"self":[{"href":"https:\/\/www.europesays.com\/fr\/wp-json\/wp\/v2\/posts\/290022","targetHints":{"allow":["GET"]}}],"collection":[{"href":"https:\/\/www.europesays.com\/fr\/wp-json\/wp\/v2\/posts"}],"about":[{"href":"https:\/\/www.europesays.com\/fr\/wp-json\/wp\/v2\/types\/post"}],"author":[{"embeddable":true,"href":"https:\/\/www.europesays.com\/fr\/wp-json\/wp\/v2\/users\/2"}],"replies":[{"embeddable":true,"href":"https:\/\/www.europesays.com\/fr\/wp-json\/wp\/v2\/comments?post=290022"}],"version-history":[{"count":0,"href":"https:\/\/www.europesays.com\/fr\/wp-json\/wp\/v2\/posts\/290022\/revisions"}],"wp:featuredmedia":[{"embeddable":true,"href":"https:\/\/www.europesays.com\/fr\/wp-json\/wp\/v2\/media\/290023"}],"wp:attachment":[{"href":"https:\/\/www.europesays.com\/fr\/wp-json\/wp\/v2\/media?parent=290022"}],"wp:term":[{"taxonomy":"category","embeddable":true,"href":"https:\/\/www.europesays.com\/fr\/wp-json\/wp\/v2\/categories?post=290022"},{"taxonomy":"post_tag","embeddable":true,"href":"https:\/\/www.europesays.com\/fr\/wp-json\/wp\/v2\/tags?post=290022"}],"curies":[{"name":"wp","href":"https:\/\/api.w.org\/{rel}","templated":true}]}}