{"id":290033,"date":"2025-08-01T22:38:12","date_gmt":"2025-08-01T22:38:12","guid":{"rendered":"https:\/\/www.europesays.com\/fr\/290033\/"},"modified":"2025-08-01T22:38:12","modified_gmt":"2025-08-01T22:38:12","slug":"usa-tesla-condamne-a-payer-242-millions-de-dollars-pour-un-accident-mortel-lie-a-la-conduite-autonome-actualites","status":"publish","type":"post","link":"https:\/\/www.europesays.com\/fr\/290033\/","title":{"rendered":"USA: Tesla condamn\u00e9 \u00e0 payer 242 millions de dollars pour un accident mortel li\u00e9 \u00e0 la conduite autonome : Actualit\u00e9s"},"content":{"rendered":"<p class=\"lead \">Le constructeur automobile am\u00e9ricain Tesla a \u00e9t\u00e9 jug\u00e9 vendredi partiellement responsable d&rsquo;un accident mortel survenu en avril 2019 en Floride ayant impliqu\u00e9 l&rsquo;un de ses v\u00e9hicules, une Model S, disposant de l&rsquo;option \u00ab\u00a0Autopilot\u00a0\u00bb, selon un avocat des plaignants.<\/p>\n<p class=\"lead \">Les huit membres d&rsquo;un jury populaire ont d\u00e9cid\u00e9 vendredi, \u00e0 l&rsquo;issue d&rsquo;un proc\u00e8s devant un tribunal civil f\u00e9d\u00e9ral de Miami (Floride), d&rsquo;attribuer aux plaignants une indemnisation totale de 328 millions de dollars, a expliqu\u00e9 \u00e0 l&rsquo;AFP Darren Jeffrey Rousso, du cabinet Rousso Boumel, qui repr\u00e9sentait des ayant-droits.<\/p>\n<p class=\"lead \">Il a expliqu\u00e9 que le jury avait fix\u00e9 les dommages relevant de Tesla \u00e0 200 millions de dollars.<\/p>\n<p class=\"lead \">Les jur\u00e9s ont \u00e9galement attribu\u00e9 59 millions de dollars aux ayant-droits de Naibel Benavides Leon et 69 millions \u00e0 son petit-ami Dillon Angulo, au titre du pr\u00e9judice pour souffrances endur\u00e9es. Deux tiers de cette somme sont \u00e0 la charge de l&rsquo;auteur du sinistre et un tiers revient \u00e0 Tesla.<\/p>\n<p class=\"lead \">Ces \u00e9l\u00e9ments ont \u00e9t\u00e9 confirm\u00e9s par la base de donn\u00e9es des d\u00e9cisions judiciaires des tribunaux f\u00e9d\u00e9raux am\u00e9ricains.<\/p>\n<p class=\"lead \">Le groupe d&rsquo;Austin (Texas) devrait au final \u00eatre redevable de 242 millions de dollars, a expliqu\u00e9 M. Rousso.<\/p>\n<p class=\"lead \">\u00ab\u00a0Justice a \u00e9t\u00e9 rendue. Le jury a entendu toutes les preuves et a abouti \u00e0 un verdict juste et \u00e9quitable pour nos clients\u00a0\u00bb, a-t-il estim\u00e9.<\/p>\n<p class=\"lead \">D&rsquo;apr\u00e8s la plainte d\u00e9pos\u00e9e contre Tesla en avril 2021, le SUV Chevrolet Tahoe dans lequel le couple circulait le 25 avril 2019 \u00e0 Key Largo (Floride) a \u00e9t\u00e9 percut\u00e9 \u00e0 pleine vitesse par la Model S faute d&rsquo;avoir \u00e9t\u00e9 rep\u00e9r\u00e9 par le dispositif d&rsquo;aide \u00e0 la conduite \u00ab\u00a0Autopilot\u00a0\u00bb.<\/p>\n<p class=\"lead \">La jeune femme, \u00e2g\u00e9e de 22 ans au moment de son d\u00e9c\u00e8s, a \u00e9t\u00e9 propuls\u00e9e sur plusieurs dizaines de m\u00e8tres, poursuit la plainte. Dillon Angulo a \u00e9t\u00e9 bless\u00e9, mais aucun d\u00e9tail sur son \u00e9tat n&rsquo;est disponible \u00e0 ce stade.<\/p>\n<p class=\"lead \">\u00ab\u00a0Le verdict d&rsquo;aujourd&rsquo;hui est une erreur et ne fait que provoquer un retour en arri\u00e8re de la s\u00e9curit\u00e9 automobile et menace les efforts de Tesla et de l&rsquo;industrie (automobile) dans son ensemble pour concevoir et mettre en oeuvre une technologie qui sauve des vies\u00a0\u00bb, a r\u00e9agi le constructeur dans une d\u00e9claration transmise \u00e0 l&rsquo;AFP.<\/p>\n<p class=\"lead \">Il a affirm\u00e9 avoir l&rsquo;intention de faire appel \u00ab\u00a0\u00e9tant donn\u00e9es les importantes erreurs et irr\u00e9gularit\u00e9s juridiques lors du proc\u00e8s\u00a0\u00bb.<\/p>\n<p class=\"lead \">Le jury \u00ab\u00a0a conclu que le conducteur \u00e9tait tr\u00e8s largement responsable du tragique accident\u00a0\u00bb mais les \u00e9l\u00e9ments du dossier \u00ab\u00a0ont prouv\u00e9 que ce conducteur \u00e9tait seul responsable parce qu&rsquo;il roulait en exc\u00e8s de vitesse, avec le pied sur l&rsquo;acc\u00e9l\u00e9rateur &#8211; ce qui a d\u00e9sactiv\u00e9 Autopilot &#8211; tandis qu&rsquo;il cherchait \u00e0 r\u00e9cup\u00e9rer le t\u00e9l\u00e9phone qu&rsquo;il avait fait tomber et sans avoir les yeux sur la rue\u00a0\u00bb, a argu\u00e9 Tesla.<\/p>\n<p class=\"lead \">\u00ab\u00a0Aucune voiture en 2019, et aucune actuellement, n&rsquo;aurait pu \u00e9viter l&rsquo;accident\u00a0\u00bb, a martel\u00e9 le constructeur.<\/p>\n<p class=\"lead \">\u00ab\u00a0C&rsquo;est une fiction concoct\u00e9e par les avocats des plaignants de bl\u00e2mer la voiture quand le conducteur &#8211; d\u00e8s le premier jour &#8211; a reconnu et accept\u00e9 sa responsabilit\u00e9\u00a0\u00bb de l&rsquo;accident, a-t-il ajout\u00e9.<\/p>\n<p class=\"small font-weight-bold text-gray3 \"> publi\u00e9 le 1 ao\u00fbt \u00e0 22h36, AFP<\/p>\n<p>                             Partager<\/p>\n","protected":false},"excerpt":{"rendered":"Le constructeur automobile am\u00e9ricain Tesla a \u00e9t\u00e9 jug\u00e9 vendredi partiellement responsable d&rsquo;un accident mortel survenu en avril 2019&hellip;\n","protected":false},"author":2,"featured_media":290034,"comment_status":"","ping_status":"","sticky":false,"template":"","format":"standard","meta":{"footnotes":""},"categories":[6],"tags":[119,646,35,33,34,1011,27,693,4780,209,2803,308],"class_list":{"0":"post-290033","1":"post","2":"type-post","3":"status-publish","4":"format-standard","5":"has-post-thumbnail","7":"category-economie","8":"tag-accident","9":"tag-automobile","10":"tag-business","11":"tag-economie","12":"tag-economy","13":"tag-fr","14":"tag-france","15":"tag-industrie","16":"tag-procs","17":"tag-route","18":"tag-transport","19":"tag-usa"},"share_on_mastodon":{"url":"https:\/\/pubeurope.com\/@fr\/114955911462149483","error":""},"_links":{"self":[{"href":"https:\/\/www.europesays.com\/fr\/wp-json\/wp\/v2\/posts\/290033","targetHints":{"allow":["GET"]}}],"collection":[{"href":"https:\/\/www.europesays.com\/fr\/wp-json\/wp\/v2\/posts"}],"about":[{"href":"https:\/\/www.europesays.com\/fr\/wp-json\/wp\/v2\/types\/post"}],"author":[{"embeddable":true,"href":"https:\/\/www.europesays.com\/fr\/wp-json\/wp\/v2\/users\/2"}],"replies":[{"embeddable":true,"href":"https:\/\/www.europesays.com\/fr\/wp-json\/wp\/v2\/comments?post=290033"}],"version-history":[{"count":0,"href":"https:\/\/www.europesays.com\/fr\/wp-json\/wp\/v2\/posts\/290033\/revisions"}],"wp:featuredmedia":[{"embeddable":true,"href":"https:\/\/www.europesays.com\/fr\/wp-json\/wp\/v2\/media\/290034"}],"wp:attachment":[{"href":"https:\/\/www.europesays.com\/fr\/wp-json\/wp\/v2\/media?parent=290033"}],"wp:term":[{"taxonomy":"category","embeddable":true,"href":"https:\/\/www.europesays.com\/fr\/wp-json\/wp\/v2\/categories?post=290033"},{"taxonomy":"post_tag","embeddable":true,"href":"https:\/\/www.europesays.com\/fr\/wp-json\/wp\/v2\/tags?post=290033"}],"curies":[{"name":"wp","href":"https:\/\/api.w.org\/{rel}","templated":true}]}}