{"id":290040,"date":"2025-08-01T22:42:35","date_gmt":"2025-08-01T22:42:35","guid":{"rendered":"https:\/\/www.europesays.com\/fr\/290040\/"},"modified":"2025-08-01T22:42:35","modified_gmt":"2025-08-01T22:42:35","slug":"muriel-nguyen-nommee-dans-la-loire","status":"publish","type":"post","link":"https:\/\/www.europesays.com\/fr\/290040\/","title":{"rendered":"Muriel Nguyen nomm\u00e9e dans la Loire"},"content":{"rendered":"<p><a href=\"https:\/\/www.leprogres.fr\/p\/alexandre-rochatte\" target=\"_blank\" rel=\"nofollow noopener\">Alexandre Rochatte<\/a> est arriv\u00e9 dans la Loire en f\u00e9vrier\u00a02023. Celui qui aura \u00e9t\u00e9 le 100\u1d49 pr\u00e9fet de la Loire s\u2019appr\u00eate \u00e0 quitter ses fonctions selon certaines indiscr\u00e9tions que nous sommes en mesure de confirmer.<\/p>\n<p>N\u00e9 \u00e0 Toul dans la p\u00e9riph\u00e9rie de Nancy, le haut fonctionnaire devrait, selon nos confr\u00e8res d\u2019Outre-mer 360, int\u00e9grer le Haut-commissaire de la Polyn\u00e9sie. Sa nomination devrait \u00eatre officialis\u00e9e ce mercredi 30\u00a0juillet au cours du Conseil des ministres.<\/p>\n<p>Une nouvelle \u00e9tape dans sa carri\u00e8re qui l\u2019avait d\u00e9j\u00e0 conduit dans la Meuse et en Guadeloupe. Son passage sur le territoire lig\u00e9rien restera marqu\u00e9 par l\u2019organisation de la coupe du monde de rugby en 2023 puis par les Jeux olympiques l\u2019ann\u00e9e suivante.<\/p>\n<p>Outre la s\u00e9curit\u00e9 routi\u00e8re, une de ses priorit\u00e9s, il a aussi \u0153uvr\u00e9 sur les mobilit\u00e9s avec l\u2019am\u00e9nagement sur la liaison entre Saint-\u00c9tienne et Lyon via l\u2019A 47. Il \u00e9tait \u00e9galement en poste au moment de l\u2019annonce de la volont\u00e9 du ministre de l\u2019Int\u00e9rieur de dissoudre les groupes d\u2019ultras, les Magic Fans et les Green Angels.<\/p>\n<p>Muriel Nguyen est nomm\u00e9e pr\u00e9f\u00e8te de la Loire \u00e0 compter du 1\u1d49\u02b3 septembre 2025. Jusqu&rsquo;\u00e0 pr\u00e9sent, elle \u00e9tait en poste\u00a0au Secr\u00e9tariat g\u00e9n\u00e9ral de la d\u00e9fense et de la s\u00e9curit\u00e9 nationale o\u00f9 elle exer\u00e7ait la fonction de directrice de la protection et de la s\u00e9curit\u00e9 de l&rsquo;\u00c9tat depuis le 11 octobre 2023.<\/p>\n","protected":false},"excerpt":{"rendered":"Alexandre Rochatte est arriv\u00e9 dans la Loire en f\u00e9vrier\u00a02023. Celui qui aura \u00e9t\u00e9 le 100\u1d49 pr\u00e9fet de la&hellip;\n","protected":false},"author":2,"featured_media":290041,"comment_status":"","ping_status":"","sticky":false,"template":"","format":"standard","meta":{"footnotes":""},"categories":[9653],"tags":[1111,11,2430,7539,1777,674,274,107,1011,27,3367,12,316,25,4001,7538,104],"class_list":{"0":"post-290040","1":"post","2":"type-post","3":"status-publish","4":"format-standard","5":"has-post-thumbnail","7":"category-saint-etienne","8":"tag-actu","9":"tag-actualites","10":"tag-auvergne-rhone-alpes","11":"tag-edition-loire-sud","12":"tag-eu","13":"tag-europe","14":"tag-faits-divers-justice","15":"tag-fil-info","16":"tag-fr","17":"tag-france","18":"tag-loire","19":"tag-news","20":"tag-politique","21":"tag-republique-francaise","22":"tag-saint-etienne","23":"tag-saint-etienne-ville","24":"tag-societe"},"share_on_mastodon":{"url":"https:\/\/pubeurope.com\/@fr\/114955927169726022","error":""},"_links":{"self":[{"href":"https:\/\/www.europesays.com\/fr\/wp-json\/wp\/v2\/posts\/290040","targetHints":{"allow":["GET"]}}],"collection":[{"href":"https:\/\/www.europesays.com\/fr\/wp-json\/wp\/v2\/posts"}],"about":[{"href":"https:\/\/www.europesays.com\/fr\/wp-json\/wp\/v2\/types\/post"}],"author":[{"embeddable":true,"href":"https:\/\/www.europesays.com\/fr\/wp-json\/wp\/v2\/users\/2"}],"replies":[{"embeddable":true,"href":"https:\/\/www.europesays.com\/fr\/wp-json\/wp\/v2\/comments?post=290040"}],"version-history":[{"count":0,"href":"https:\/\/www.europesays.com\/fr\/wp-json\/wp\/v2\/posts\/290040\/revisions"}],"wp:featuredmedia":[{"embeddable":true,"href":"https:\/\/www.europesays.com\/fr\/wp-json\/wp\/v2\/media\/290041"}],"wp:attachment":[{"href":"https:\/\/www.europesays.com\/fr\/wp-json\/wp\/v2\/media?parent=290040"}],"wp:term":[{"taxonomy":"category","embeddable":true,"href":"https:\/\/www.europesays.com\/fr\/wp-json\/wp\/v2\/categories?post=290040"},{"taxonomy":"post_tag","embeddable":true,"href":"https:\/\/www.europesays.com\/fr\/wp-json\/wp\/v2\/tags?post=290040"}],"curies":[{"name":"wp","href":"https:\/\/api.w.org\/{rel}","templated":true}]}}