{"id":290043,"date":"2025-08-01T22:44:12","date_gmt":"2025-08-01T22:44:12","guid":{"rendered":"https:\/\/www.europesays.com\/fr\/290043\/"},"modified":"2025-08-01T22:44:12","modified_gmt":"2025-08-01T22:44:12","slug":"la-ferme-des-fruitiers-le-saviez-vous","status":"publish","type":"post","link":"https:\/\/www.europesays.com\/fr\/290043\/","title":{"rendered":"La Ferme des Fruitiers. Le saviez-vous ?"},"content":{"rendered":"<p>Tr\u00e8s bien adapt\u00e9e au climat rigoureux lorrain, elle exprime toutes ses qualit\u00e9s sur nos terres argileuses. \u00c0 la Ferme des Fruitiers, la r\u00e9colte s&rsquo;\u00e9tale de la fin du mois de juillet jusqu&rsquo;aux premiers jours de septembre.<\/p>\n<p>V\u00e9ritable bonbon \u00e0 grignoter fra\u00eeche, la mirabelle est \u00e9galement tr\u00e8s appr\u00e9ci\u00e9e en confiture. Facile \u00e0 d\u00e9noyauter, elle se cong\u00e8le aussi tr\u00e8s bien, vous d\u00e9gusterez ainsi des tartes toute l&rsquo;ann\u00e9e\u00a0!<\/p>\n<p>\u00c0 la Ferme des Fruitiers, vous pouvez par ailleurs faire votre march\u00e9 de viandes et de charcuteries, d\u2019\u00e9pices, de sp\u00e9cialit\u00e9s laiti\u00e8res et fromag\u00e8res, de boissons, de miels authentiques, pr\u00e9par\u00e9s de mani\u00e8re traditionnelle avec beaucoup de passion.<\/p>\n","protected":false},"excerpt":{"rendered":"Tr\u00e8s bien adapt\u00e9e au climat rigoureux lorrain, elle exprime toutes ses qualit\u00e9s sur nos terres argileuses. \u00c0 la&hellip;\n","protected":false},"author":2,"featured_media":290044,"comment_status":"","ping_status":"","sticky":false,"template":"","format":"standard","meta":{"footnotes":""},"categories":[9635],"tags":[1111,11,7884,1777,674,1011,27,329,775,1702,12,25],"class_list":{"0":"post-290043","1":"post","2":"type-post","3":"status-publish","4":"format-standard","5":"has-post-thumbnail","7":"category-nancy","8":"tag-actu","9":"tag-actualites","10":"tag-articles-partenaires","11":"tag-eu","12":"tag-europe","13":"tag-fr","14":"tag-france","15":"tag-france-monde","16":"tag-grand-est","17":"tag-nancy","18":"tag-news","19":"tag-republique-francaise"},"share_on_mastodon":{"url":"https:\/\/pubeurope.com\/@fr\/114955935044398896","error":""},"_links":{"self":[{"href":"https:\/\/www.europesays.com\/fr\/wp-json\/wp\/v2\/posts\/290043","targetHints":{"allow":["GET"]}}],"collection":[{"href":"https:\/\/www.europesays.com\/fr\/wp-json\/wp\/v2\/posts"}],"about":[{"href":"https:\/\/www.europesays.com\/fr\/wp-json\/wp\/v2\/types\/post"}],"author":[{"embeddable":true,"href":"https:\/\/www.europesays.com\/fr\/wp-json\/wp\/v2\/users\/2"}],"replies":[{"embeddable":true,"href":"https:\/\/www.europesays.com\/fr\/wp-json\/wp\/v2\/comments?post=290043"}],"version-history":[{"count":0,"href":"https:\/\/www.europesays.com\/fr\/wp-json\/wp\/v2\/posts\/290043\/revisions"}],"wp:featuredmedia":[{"embeddable":true,"href":"https:\/\/www.europesays.com\/fr\/wp-json\/wp\/v2\/media\/290044"}],"wp:attachment":[{"href":"https:\/\/www.europesays.com\/fr\/wp-json\/wp\/v2\/media?parent=290043"}],"wp:term":[{"taxonomy":"category","embeddable":true,"href":"https:\/\/www.europesays.com\/fr\/wp-json\/wp\/v2\/categories?post=290043"},{"taxonomy":"post_tag","embeddable":true,"href":"https:\/\/www.europesays.com\/fr\/wp-json\/wp\/v2\/tags?post=290043"}],"curies":[{"name":"wp","href":"https:\/\/api.w.org\/{rel}","templated":true}]}}