{"id":290053,"date":"2025-08-01T22:52:10","date_gmt":"2025-08-01T22:52:10","guid":{"rendered":"https:\/\/www.europesays.com\/fr\/290053\/"},"modified":"2025-08-01T22:52:10","modified_gmt":"2025-08-01T22:52:10","slug":"cette-star-internationale-et-compagne-dun-celebre-chanteur-francais-passe-ses-vacances-a-rouen-2","status":"publish","type":"post","link":"https:\/\/www.europesays.com\/fr\/290053\/","title":{"rendered":"Cette star internationale et compagne d&rsquo;un c\u00e9l\u00e8bre chanteur fran\u00e7ais passe ses vacances&#8230; \u00e0 Rouen !"},"content":{"rendered":"<p>En vacances en Normandie, Christina Milian a pos\u00e9 ses valises \u00e0 Rouen pour une escapade familiale pleine de charme et d\u2019\u00e9motion. Entre balades dans le centre historique, visites au parc animalier et moments complices avec ses proches, la chanteuse a partag\u00e9 sur les r\u00e9seaux sociaux des instants sinc\u00e8res et touchants, loin des projecteurs.<\/p>\n<p><a href=\"https:\/\/www.purepeople.com\/people\/christina-milian_p272039\" rel=\"nofollow noopener\" target=\"_blank\" data-ylk=\"slk:Christina Milian;elm:context_link;itc:0;sec:content-canvas\" class=\"link \">Christina Milian<\/a> a choisi <strong>la Normandie pour une parenth\u00e8se ensoleill\u00e9e et familiale<\/strong>. Sur ses r\u00e9seaux sociaux, la chanteuse et actrice am\u00e9ricaine, install\u00e9e entre la France et les \u00c9tats-Unis depuis plusieurs ann\u00e9es, a r\u00e9cemment partag\u00e9 une s\u00e9rie de clich\u00e9s \u00e9mouvants et chaleureux de ses vacances \u00e0 Rouen, aux c\u00f4t\u00e9s de son mari <a href=\"https:\/\/www.purepeople.com\/people\/m-pokora_p591\" rel=\"nofollow noopener\" target=\"_blank\" data-ylk=\"slk:Matt Pokora;elm:context_link;itc:0;sec:content-canvas\" class=\"link \">Matt Pokora<\/a>, de<a href=\"https:\/\/fr.news.yahoo.com\/cest-toujours-facile-m-pokora-094800477.html\" data-ylk=\"slk:leurs enfants, Isaiah, n\u00e9 en janvier 2020, et Kenna, en avril 2021;elm:context_link;itc:0;sec:content-canvas;outcm:mb_qualified_link;_E:mb_qualified_link;ct:story;\" class=\"link  yahoo-link\" target=\"_blank\" rel=\"noopener\"> leurs enfants, Isaiah, n\u00e9 en janvier 2020, et Kenna, en avril 2021<\/a>, de son p\u00e8re et d\u2019une femme qui semble \u00eatre la compagne de ce dernier. En l\u00e9gende d\u2019un carrousel Instagram, Christina confie : <strong>\u00ab\u00a0<\/strong><strong>Petite pause bien m\u00e9rit\u00e9e. Des moments comme celui-ci me font sentir que je ne suis pas si loin de chez moi<\/strong>. Le temps en famille fait du bien \u00e0 l\u2019\u00e2me.\u00a0\u00bb Un message qui a touch\u00e9 ses abonn\u00e9s, nombreux \u00e0 saluer cette parenth\u00e8se familiale.<\/p>\n<p>Parmi les clich\u00e9s partag\u00e9s, on d\u00e9couvre<strong> les enfants du couple s\u2019amusant sur un man\u00e8ge<\/strong> install\u00e9 dans les rues de Rouen, visiblement ravis de l\u2019ambiance festive de la ville. Une autre s\u00e9rie de photos les montre <strong>en pleine visite d\u2019un parc animalier<\/strong>, o\u00f9 Christina, souriante, porte un iguane sur le bras. Impossible de passer \u00e0 c\u00f4t\u00e9 du charme de la vieille ville : <strong>Christina et sa famille ont fl\u00e2n\u00e9 dans les rues pav\u00e9es du centre historique<\/strong> de Rouen, avec un arr\u00eat remarqu\u00e9 devant la majestueuse cath\u00e9drale Notre-Dame.<\/p>\n<p>Mais c\u2019est peut-\u00eatre dans l\u2019intimit\u00e9 d\u2019un jardin que l\u2019on retrouve les images les plus touchantes : <strong>Christina et son p\u00e8re, dans les bras l&rsquo;un de l&rsquo;autre, profitent d\u2019un coucher de solei<\/strong>l. Un instant suspendu, empreint de complicit\u00e9 p\u00e8re-fille, que la star a choisi de partager sans artifices.<\/p>\n<p>Enfin, leur passage n\u2019a pas \u00e9chapp\u00e9 \u00e0 <strong>l\u2019un des joyaux gastronomiques de la r\u00e9gion<\/strong>. L\u2019auberge La Couronne, r\u00e9put\u00e9e comme la plus ancienne de France, fond\u00e9e en 1345 et situ\u00e9e sur la place du Vieux March\u00e9, a publi\u00e9 une photo de Christina Milian sur ses r\u00e9seaux, ajoutant : <strong>\u00ab\u00a0<\/strong><strong>La Couronne a eu le plaisir d&rsquo;accueillir l&rsquo;actrice, productrice et chanteuse am\u00e9ricaine Christina Milian<\/strong> vue r\u00e9cemment dans Dexter : les origines.\u00a0\u00bb Une mani\u00e8re de saluer l\u2019arriv\u00e9e d\u2019une star internationale dans ce lieu embl\u00e9matique charg\u00e9 d\u2019histoire.<\/p>\n<p>Ces quelques jours pass\u00e9s \u00e0 Rouen semblent avoir offert \u00e0 <strong>Christina Milian, <\/strong><a href=\"https:\/\/fr.news.yahoo.com\/m-pokora-christina-milian-choisi-101600596.html\" data-ylk=\"slk:qui a r\u00e9cemment d\u00e9cid\u00e9 de ne plus vivre \u00e0 Los Angeles;elm:context_link;itc:0;sec:content-canvas;outcm:mb_qualified_link;_E:mb_qualified_link;ct:story;\" class=\"link  yahoo-link\" target=\"_blank\" rel=\"noopener\"><strong>qui a r\u00e9cemment d\u00e9cid\u00e9 de ne plus vivre \u00e0 Los Angeles<\/strong><\/a>, une respiration bienvenue, loin du tumulte des projecteurs. Une escapade simple, authentique et empreinte d\u2019amour familial. Comme quoi, les plus beaux moments sont parfois les plus simples !<\/p>\n<p><a href=\"https:\/\/www.purepeople.com\/article\/cette-star-internationale-et-compagne-d-un-celebre-chanteur-francais-passe-ses-vacances-a-rouen_a541027\/1\" rel=\"nofollow noopener\" target=\"_blank\" data-ylk=\"slk:Article original sur Purepeople;elm:context_link;itc:0;sec:content-canvas\" class=\"link \">Article original sur Purepeople<\/a><\/p>\n","protected":false},"excerpt":{"rendered":"En vacances en Normandie, Christina Milian a pos\u00e9 ses valises \u00e0 Rouen pour une escapade familiale pleine de&hellip;\n","protected":false},"author":2,"featured_media":290054,"comment_status":"","ping_status":"","sticky":false,"template":"","format":"standard","meta":{"footnotes":""},"categories":[9587],"tags":[1111,11,37239,1777,674,1011,27,12,5161,24936,25,938,9590],"class_list":{"0":"post-290053","1":"post","2":"type-post","3":"status-publish","4":"format-standard","5":"has-post-thumbnail","7":"category-rouen","8":"tag-actu","9":"tag-actualites","10":"tag-christina-milian","11":"tag-eu","12":"tag-europe","13":"tag-fr","14":"tag-france","15":"tag-news","16":"tag-normandie","17":"tag-parc-animalier","18":"tag-republique-francaise","19":"tag-reseaux-sociaux","20":"tag-rouen"},"share_on_mastodon":{"url":"https:\/\/pubeurope.com\/@fr\/114955966382454853","error":""},"_links":{"self":[{"href":"https:\/\/www.europesays.com\/fr\/wp-json\/wp\/v2\/posts\/290053","targetHints":{"allow":["GET"]}}],"collection":[{"href":"https:\/\/www.europesays.com\/fr\/wp-json\/wp\/v2\/posts"}],"about":[{"href":"https:\/\/www.europesays.com\/fr\/wp-json\/wp\/v2\/types\/post"}],"author":[{"embeddable":true,"href":"https:\/\/www.europesays.com\/fr\/wp-json\/wp\/v2\/users\/2"}],"replies":[{"embeddable":true,"href":"https:\/\/www.europesays.com\/fr\/wp-json\/wp\/v2\/comments?post=290053"}],"version-history":[{"count":0,"href":"https:\/\/www.europesays.com\/fr\/wp-json\/wp\/v2\/posts\/290053\/revisions"}],"wp:featuredmedia":[{"embeddable":true,"href":"https:\/\/www.europesays.com\/fr\/wp-json\/wp\/v2\/media\/290054"}],"wp:attachment":[{"href":"https:\/\/www.europesays.com\/fr\/wp-json\/wp\/v2\/media?parent=290053"}],"wp:term":[{"taxonomy":"category","embeddable":true,"href":"https:\/\/www.europesays.com\/fr\/wp-json\/wp\/v2\/categories?post=290053"},{"taxonomy":"post_tag","embeddable":true,"href":"https:\/\/www.europesays.com\/fr\/wp-json\/wp\/v2\/tags?post=290053"}],"curies":[{"name":"wp","href":"https:\/\/api.w.org\/{rel}","templated":true}]}}