{"id":290060,"date":"2025-08-01T22:58:16","date_gmt":"2025-08-01T22:58:16","guid":{"rendered":"https:\/\/www.europesays.com\/fr\/290060\/"},"modified":"2025-08-01T22:58:16","modified_gmt":"2025-08-01T22:58:16","slug":"qui-apparait-sur-des-films-du-fonds-mira-a-strasbourg-et-munchhouse","status":"publish","type":"post","link":"https:\/\/www.europesays.com\/fr\/290060\/","title":{"rendered":"qui appara\u00eet sur des films du fonds Mira \u00e0 Strasbourg et Munchhouse\u00a0?"},"content":{"rendered":"<p>Dans le cadre de la pr\u00e9paration d\u2019une exposition au Centre europ\u00e9en d\u2019actions artistiques contemporaines (Ceaac), \u00e0 Strasbourg, sur les questions de parentalit\u00e9 et de garde d\u2019enfants entre\u00a01960 et\u00a01980, Pascaline Morinc\u00f4me, chercheuse associ\u00e9e au projet est \u00e0 la recherche de personnes apparaissant sur plusieurs films du fonds de la cin\u00e9math\u00e8que r\u00e9gionale num\u00e9rique Mira. Il s\u2019agit notamment de familles ayant fr\u00e9quent\u00e9 la cr\u00e8che Stenger-Bachmann, en 1977 \u00e0 Strasbourg, ou des professionnelles y ayant travaill\u00e9 durant cette p\u00e9riode. Sont \u00e9galement recherch\u00e9s d\u2019anciens \u00e9l\u00e8ves de la classe de CM1-CM2 de Munchhouse, en 1980. L\u2019exposition, fruit d\u2019un partenariat entre le Cceac et Mira, aura lieu en octobre.<\/p>\n<p class=\"note\">Contact\u00a0: temoignagesexpoceaac@gmail.com<\/p>\n","protected":false},"excerpt":{"rendered":"Dans le cadre de la pr\u00e9paration d\u2019une exposition au Centre europ\u00e9en d\u2019actions artistiques contemporaines (Ceaac), \u00e0 Strasbourg, sur&hellip;\n","protected":false},"author":2,"featured_media":290061,"comment_status":"","ping_status":"","sticky":false,"template":"","format":"standard","meta":{"footnotes":""},"categories":[2820],"tags":[1111,11,2389,1057,1777,674,107,1011,27,775,937,10425,12,25,104,640],"class_list":{"0":"post-290060","1":"post","2":"type-post","3":"status-publish","4":"format-standard","5":"has-post-thumbnail","7":"category-strasbourg","8":"tag-actu","9":"tag-actualites","10":"tag-alsace","11":"tag-education","12":"tag-eu","13":"tag-europe","14":"tag-fil-info","15":"tag-fr","16":"tag-france","17":"tag-grand-est","18":"tag-histoire","19":"tag-maternelle-elementaire","20":"tag-news","21":"tag-republique-francaise","22":"tag-societe","23":"tag-strasbourg"},"share_on_mastodon":{"url":"https:\/\/pubeurope.com\/@fr\/114955990107182450","error":""},"_links":{"self":[{"href":"https:\/\/www.europesays.com\/fr\/wp-json\/wp\/v2\/posts\/290060","targetHints":{"allow":["GET"]}}],"collection":[{"href":"https:\/\/www.europesays.com\/fr\/wp-json\/wp\/v2\/posts"}],"about":[{"href":"https:\/\/www.europesays.com\/fr\/wp-json\/wp\/v2\/types\/post"}],"author":[{"embeddable":true,"href":"https:\/\/www.europesays.com\/fr\/wp-json\/wp\/v2\/users\/2"}],"replies":[{"embeddable":true,"href":"https:\/\/www.europesays.com\/fr\/wp-json\/wp\/v2\/comments?post=290060"}],"version-history":[{"count":0,"href":"https:\/\/www.europesays.com\/fr\/wp-json\/wp\/v2\/posts\/290060\/revisions"}],"wp:featuredmedia":[{"embeddable":true,"href":"https:\/\/www.europesays.com\/fr\/wp-json\/wp\/v2\/media\/290061"}],"wp:attachment":[{"href":"https:\/\/www.europesays.com\/fr\/wp-json\/wp\/v2\/media?parent=290060"}],"wp:term":[{"taxonomy":"category","embeddable":true,"href":"https:\/\/www.europesays.com\/fr\/wp-json\/wp\/v2\/categories?post=290060"},{"taxonomy":"post_tag","embeddable":true,"href":"https:\/\/www.europesays.com\/fr\/wp-json\/wp\/v2\/tags?post=290060"}],"curies":[{"name":"wp","href":"https:\/\/api.w.org\/{rel}","templated":true}]}}