{"id":290062,"date":"2025-08-01T22:59:24","date_gmt":"2025-08-01T22:59:24","guid":{"rendered":"https:\/\/www.europesays.com\/fr\/290062\/"},"modified":"2025-08-01T22:59:24","modified_gmt":"2025-08-01T22:59:24","slug":"ryanair-devrait-quitter-laeroport-de-strasbourg-des-octobre-2025","status":"publish","type":"post","link":"https:\/\/www.europesays.com\/fr\/290062\/","title":{"rendered":"Ryanair devrait quitter l\u2019a\u00e9roport de Strasbourg d\u00e8s octobre 2025"},"content":{"rendered":"<p>    <img loading=\"lazy\" width=\"1800\" height=\"900\" src=\"https:\/\/www.europesays.com\/fr\/wp-content\/uploads\/2025\/04\/jeanne-callthepolice.jpg\" class=\"attachment-full size-full\" alt=\"\" id=\"imageLove\" decoding=\"async\"  \/><\/p>\n<p id=\"breadcrumbs\"><a href=\"https:\/\/pokaa.fr\/\" target=\"_blank\" rel=\"noopener\">Accueil<\/a> \/ <a href=\"https:\/\/pokaa.fr\/categories\/actu\/\" target=\"_blank\" rel=\"noopener\">Info locale<\/a> \/ Zone de turbulence : Ryanair devrait quitter l\u2019a\u00e9roport de Strasbourg d\u00e8s octobre 2025<\/p>\n<p>                    Info locale<\/p>\n<p><b>Le 30 juillet dernier, la compagnie a\u00e9rienne Ryanair a annonc\u00e9 qu\u2019elle fermait ses activit\u00e9s \u00e0 Strasbourg et dans deux autres a\u00e9roports fran\u00e7ais, et ce d\u00e8s fin octobre 2025. La compagnie \u00e0 bas prix irlandaise proteste contre la hausse du bar\u00e8me de la taxe sur les billets d\u2019avion. Explication.\u00a0<\/b><\/p>\n<p class=\"p3\">\u00c0 Strasbourg, Ryanair a du plomb dans l\u2019aile. <b>La compagnie \u00e0 bas prix a annonc\u00e9 le 30 juillet dernier qu\u2019elle fermait ses activit\u00e9s au sein de l\u2019a\u00e9roport de Strasbourg-Entzheim<\/b>, en plus d\u2019une r\u00e9duction de 13% de sa capacit\u00e9 en France, la suppression de 750 000 si\u00e8ges, l\u2019annulation de 25 lignes et l\u2019arr\u00eat de ses op\u00e9rations aux a\u00e9roports de Bergerac et Brive.<\/p>\n<p class=\"p3\">Une d\u00e9cision <b>en r\u00e9action \u00e0 \u00ab\u00a0l\u2019augmentation excessive\u00a0\u00bb, selon les mots de la compagnie a\u00e9rienne, du bar\u00e8me de la taxe sur les billets d\u2019avion<\/b>. Cette taxe d\u00e9cid\u00e9e par le gouvernement en mars dernier, la faisant passer de 2,63 \u00e0 7,30 \u20ac pour un billet en classe \u00e9conomique vers la France ou l\u2019Europe, a pour but de ramener 800 millions d\u2019euros de recettes suppl\u00e9mentaires. L\u2019attractivit\u00e9 de l\u2019a\u00e9roport strasbourgeois n\u2019est donc pas remise en cause.<\/p>\n<p>    <img width=\"800\" height=\"600\" src=\"https:\/\/www.europesays.com\/fr\/wp-content\/uploads\/2025\/08\/simulateur-de-vol-flyghtadventures-by-skycenter-aeroport-dentzheim-bastien-pietronaveimage00044.jpeg\" class=\"attachment-image-size-L size-image-size-L\" alt=\"simulateur de vol Flyghtadventures by skycenter ae\u0301roport d\u2019Entzheim Bastien Pietronaveimage00044\" decoding=\"async\" loading=\"lazy\"  \/>         \u00a9 Bastien Pietronave \/ Pokaa <\/p>\n<p>Quelles lignes strasbourgeoises sont concern\u00e9es ?<\/p>\n<p class=\"p3\">Si l\u2019annonce peut para\u00eetre spectaculaire, <b>seulement deux lignes strasbourgeoises sont concern\u00e9es par la d\u00e9cision de Ryanair : Porto et Agadir<\/b>, <b>qui seront ferm\u00e9es d\u00e8s fin octobre 2<\/b><strong>025.<\/strong><\/p>\n<p class=\"p3\"><b>Les cons\u00e9quences de la d\u00e9cision de Ryanair sont donc relativement faibles sur les activit\u00e9s de l\u2019a\u00e9roport de Strasbourg-Entzheim<\/b>, qui b\u00e9n\u00e9ficie toujours de l\u2019activit\u00e9 de ses autres lignes \u00e0 bas prix (Volotea ou EasyJet).<\/p>\n<p>    <img width=\"800\" height=\"533\" src=\"https:\/\/www.europesays.com\/fr\/wp-content\/uploads\/2025\/08\/ryanair-ei-dhd-b737-800-ema-41597189121-800x533.jpg\" class=\"attachment-image-size-L size-image-size-L\" alt=\"Ryanair\" decoding=\"async\" loading=\"lazy\"  \/>         \u00a9 Rob Hodgkins \u2014 Ryanair Ei-DHD B737-800 EMA, CC BY-SA 2.0 \/ Photo d&rsquo;illustration <\/p>\n<p>Une cons\u00e9quence locale d\u2019un bras de fer national<\/p>\n<p class=\"p3\">Si Strasbourg et d\u2019autres lignes ou a\u00e9roports ont \u00e9t\u00e9 touch\u00e9s, <b>l\u2019annonce de Ryanair ressemble davantage \u00e0 une tentative de chantage envers le gouvernement fran\u00e7ais et sa taxe sur les billets d\u2019avion<\/b>. Dans un communiqu\u00e9 de presse, la compagnie irlandaise d\u00e9clare que \u00ab si le gouvernement d\u00e9cidait de supprimer compl\u00e8tement cette taxe a\u00e9rienne n\u00e9faste, Ryanair pourrait envisager une croissance ambitieuse en France dans les ann\u00e9es \u00e0 venir \u00bb.<\/p>\n<p class=\"p3\">Dans le d\u00e9tail : 25 nouveaux avions, le doublement du trafic et la cr\u00e9ation de 750 emplois dans les r\u00e9gions fran\u00e7aises. <b>Un coup de pression sur lequel le gouvernement semble d\u00e9j\u00e0 pr\u00eat \u00e0 compl\u00e8tement c\u00e9der<\/b>, puisque la ministre des Transports Nathalie Delattre a d\u00e9clar\u00e9 sur TF1 se tenir \u00ab aux c\u00f4t\u00e9s du ministre Philippe Tabarot pour d\u00e9fendre cette option de supprimer cette taxe \u00bb. Et ce, m\u00eame si son cabinet a fait savoir \u00e0 l\u2019AFP, quelques heures apr\u00e8s, que \u00ab la ministre est contre toute augmentation de cette taxe mais pas pour sa suppression \u00bb.<\/p>\n","protected":false},"excerpt":{"rendered":"Accueil \/ Info locale \/ Zone de turbulence : Ryanair devrait quitter l\u2019a\u00e9roport de Strasbourg d\u00e8s octobre 2025&hellip;\n","protected":false},"author":2,"featured_media":290063,"comment_status":"","ping_status":"","sticky":false,"template":"","format":"standard","meta":{"footnotes":""},"categories":[2820],"tags":[1111,11,663,42906,1777,674,1011,27,775,12,25,8683,640],"class_list":{"0":"post-290062","1":"post","2":"type-post","3":"status-publish","4":"format-standard","5":"has-post-thumbnail","7":"category-strasbourg","8":"tag-actu","9":"tag-actualites","10":"tag-aeroport","11":"tag-aeroport-strasbourg","12":"tag-eu","13":"tag-europe","14":"tag-fr","15":"tag-france","16":"tag-grand-est","17":"tag-news","18":"tag-republique-francaise","19":"tag-ryanair","20":"tag-strasbourg"},"share_on_mastodon":{"url":"https:\/\/pubeurope.com\/@fr\/114955994262976022","error":""},"_links":{"self":[{"href":"https:\/\/www.europesays.com\/fr\/wp-json\/wp\/v2\/posts\/290062","targetHints":{"allow":["GET"]}}],"collection":[{"href":"https:\/\/www.europesays.com\/fr\/wp-json\/wp\/v2\/posts"}],"about":[{"href":"https:\/\/www.europesays.com\/fr\/wp-json\/wp\/v2\/types\/post"}],"author":[{"embeddable":true,"href":"https:\/\/www.europesays.com\/fr\/wp-json\/wp\/v2\/users\/2"}],"replies":[{"embeddable":true,"href":"https:\/\/www.europesays.com\/fr\/wp-json\/wp\/v2\/comments?post=290062"}],"version-history":[{"count":0,"href":"https:\/\/www.europesays.com\/fr\/wp-json\/wp\/v2\/posts\/290062\/revisions"}],"wp:featuredmedia":[{"embeddable":true,"href":"https:\/\/www.europesays.com\/fr\/wp-json\/wp\/v2\/media\/290063"}],"wp:attachment":[{"href":"https:\/\/www.europesays.com\/fr\/wp-json\/wp\/v2\/media?parent=290062"}],"wp:term":[{"taxonomy":"category","embeddable":true,"href":"https:\/\/www.europesays.com\/fr\/wp-json\/wp\/v2\/categories?post=290062"},{"taxonomy":"post_tag","embeddable":true,"href":"https:\/\/www.europesays.com\/fr\/wp-json\/wp\/v2\/tags?post=290062"}],"curies":[{"name":"wp","href":"https:\/\/api.w.org\/{rel}","templated":true}]}}