{"id":290073,"date":"2025-08-01T23:05:17","date_gmt":"2025-08-01T23:05:17","guid":{"rendered":"https:\/\/www.europesays.com\/fr\/290073\/"},"modified":"2025-08-01T23:05:17","modified_gmt":"2025-08-01T23:05:17","slug":"girondins-les-5-gars-surs-de-leffectif-de-bordeaux-2025-2026","status":"publish","type":"post","link":"https:\/\/www.europesays.com\/fr\/290073\/","title":{"rendered":"Girondins : les 5 gars s\u00fbrs de l&rsquo;effectif de Bordeaux 2025-2026"},"content":{"rendered":"<p><img decoding=\"async\" src=\"https:\/\/www.europesays.com\/fr\/wp-content\/uploads\/2025\/08\/671_324e2afed9d85dd1ffa412cfcb98e457.jpg\" alt=\"Girondins : les 5 gars s\u00fbrs de l'effectif de Bordeaux 2025-2026\" class=\"img-responsive mt-3\"\/><\/p>\n<p class=\"text-center mb-3\" style=\"font-size: 14px\">\u00a9 Iconsport<\/p>\n<p style=\"text-align: justify;\">\u00c9coutez ses propos ou lisez-les :<\/p>\n<p><strong>\u00ab\u00a0Lud\u00e9ric Etond\u00e9 a fait 6 mois tr\u00e8s bons aux Herbiers\u00a0\u00bb<\/strong><\/p>\n<p>\u00a0<\/p>\n<p style=\"text-align: justify;\">Jonathan D&rsquo;Agostino dans le <a href=\"https:\/\/www.youtube.com\/watch?v=RUK3BUm5nrk&amp;t=1980s\" target=\"_blank\" rel=\"noopener\">Talk sur WebGirondins<\/a> : \u00ab\u00a0C&rsquo;est pour consid\u00e9rer l\u2019\u00e9tat des joueurs. Les joueurs dont je n&rsquo;ai pas de doute ce sont Jean Grillot et Driss Trichard. \u00c0 voir comment Trichard supporte mentalement la saison. La saison derni\u00e8re il avait d\u00e9goupill\u00e9 contre Locmin\u00e9 (expulsion), mais si les r\u00e9sultats sont pr\u00e9sents, je pense qu&rsquo;il sera au rendez-vous.<\/p>\n<p style=\"text-align: justify;\">Ruben Droehnl\u00e9 \u00e9tait tr\u00e8s important dans son \u00e9quipe en Belgique (Seraing). Il tire les p\u00e9naltys et beaucoup de coups francs. Il \u00e9tait tout le temps titulaire et, physiquement, tient la route. De m\u00eame pour Guillaume Odru qui est un joueur confirm\u00e9 de N2 qui a juste fait 6 mois aux \u00c9mirats arabes unis. Il lui faudra peut-\u00eatre deux \u00e0 trois matchs pour se remettre dans l&rsquo;intensit\u00e9. Si on arrive \u00e0 faire en sorte qu&rsquo;il ait du temps et de l&rsquo;espace dans le jeu pour pouvoir faire ce qu&rsquo;il sait fait : voir le jeu, des ouvertures de passes, il sera tr\u00e8s int\u00e9ressant.<\/p>\n<p style=\"text-align: justify;\">Enfin, Lud\u00e9ric Etond\u00e9 a fait 6 mois tr\u00e8s bons aux Herbiers. Il n\u2019arrive avec aucun probl\u00e8me et je le consid\u00e8re vraiment comme un gars s\u00fbr.\u00a0\u00bb<\/p>\n<p style=\"text-align: justify;\">En r\u00e9sum\u00e9, les gars s\u00fbrs de la saison sont : \u00c9tond\u00e9, Odru, Trichard, Grillot et Droehnl\u00e9.<\/p>\n<p>Entretien \u00e0 lire &gt;&gt; <strong><a href=\"https:\/\/www.webgirondins.com\/actualite-girondins-girondins-andrea-lardez-on-veut-de-la-reconnaissance-du-respect-et-un-minimum-de-moyens-129911\" target=\"_blank\" rel=\"noopener\">Andr\u00e9a Lardez : \u201cOn veut de la reconnaissance, du respect et un minimum de moyens\u201d<\/a><\/strong><\/p>\n<p>\u00a0<\/p>\n","protected":false},"excerpt":{"rendered":"\u00a9 Iconsport \u00c9coutez ses propos ou lisez-les : \u00ab\u00a0Lud\u00e9ric Etond\u00e9 a fait 6 mois tr\u00e8s bons aux Herbiers\u00a0\u00bb&hellip;\n","protected":false},"author":2,"featured_media":290074,"comment_status":"","ping_status":"","sticky":false,"template":"","format":"standard","meta":{"footnotes":""},"categories":[2817],"tags":[1111,11,14172,1997,3477,42908,3474,7687,3235,1777,674,1011,27,9311,1987,14171,1434,12,2219,471,25,3242,9937,42907,5238],"class_list":{"0":"post-290073","1":"post","2":"type-post","3":"status-publish","4":"format-standard","5":"has-post-thumbnail","7":"category-bordeaux","8":"tag-actu","9":"tag-actualites","10":"tag-agostino","11":"tag-bordeaux","12":"tag-cette","13":"tag-debuter","14":"tag-decouvrez","15":"tag-donne","16":"tag-effectif","17":"tag-eu","18":"tag-europe","19":"tag-fr","20":"tag-france","21":"tag-gars","22":"tag-girondins","23":"tag-jonathan","24":"tag-mercato","25":"tag-news","26":"tag-nouvelle-aquitaine","27":"tag-pour","28":"tag-republique-francaise","29":"tag-saison","30":"tag-specialiste","31":"tag-surs","32":"tag-webgirondins"},"share_on_mastodon":{"url":"https:\/\/pubeurope.com\/@fr\/114956018250760374","error":""},"_links":{"self":[{"href":"https:\/\/www.europesays.com\/fr\/wp-json\/wp\/v2\/posts\/290073","targetHints":{"allow":["GET"]}}],"collection":[{"href":"https:\/\/www.europesays.com\/fr\/wp-json\/wp\/v2\/posts"}],"about":[{"href":"https:\/\/www.europesays.com\/fr\/wp-json\/wp\/v2\/types\/post"}],"author":[{"embeddable":true,"href":"https:\/\/www.europesays.com\/fr\/wp-json\/wp\/v2\/users\/2"}],"replies":[{"embeddable":true,"href":"https:\/\/www.europesays.com\/fr\/wp-json\/wp\/v2\/comments?post=290073"}],"version-history":[{"count":0,"href":"https:\/\/www.europesays.com\/fr\/wp-json\/wp\/v2\/posts\/290073\/revisions"}],"wp:featuredmedia":[{"embeddable":true,"href":"https:\/\/www.europesays.com\/fr\/wp-json\/wp\/v2\/media\/290074"}],"wp:attachment":[{"href":"https:\/\/www.europesays.com\/fr\/wp-json\/wp\/v2\/media?parent=290073"}],"wp:term":[{"taxonomy":"category","embeddable":true,"href":"https:\/\/www.europesays.com\/fr\/wp-json\/wp\/v2\/categories?post=290073"},{"taxonomy":"post_tag","embeddable":true,"href":"https:\/\/www.europesays.com\/fr\/wp-json\/wp\/v2\/tags?post=290073"}],"curies":[{"name":"wp","href":"https:\/\/api.w.org\/{rel}","templated":true}]}}