{"id":290083,"date":"2025-08-01T23:11:15","date_gmt":"2025-08-01T23:11:15","guid":{"rendered":"https:\/\/www.europesays.com\/fr\/290083\/"},"modified":"2025-08-01T23:11:15","modified_gmt":"2025-08-01T23:11:15","slug":"lolympique-de-marseille-officialise-la-recrue-la-plus-chere-de-son-histoire-france-olympique-de-marseille","status":"publish","type":"post","link":"https:\/\/www.europesays.com\/fr\/290083\/","title":{"rendered":"L&rsquo;Olympique de Marseille officialise la recrue la plus ch\u00e8re de son histoire &#8211; France &#8211; Olympique de Marseille"},"content":{"rendered":"<p><a target=\"_blank\" href=\"https:\/\/www.sofoot.com\/breves\/mercato-lom-pourrait-se-faire-doubler-pour-paixao\" rel=\"nofollow noopener\">Finalement, c\u2019est l\u2019OM qui d\u00e9croche le gros lot !<\/a><\/p>\n<p>Apr\u00e8s l\u2019arriv\u00e9e (ou plut\u00f4t le retour) de <a target=\"_blank\" href=\"https:\/\/www.sofoot.com\/articles\/cinq-bonnes-raisons-de-se-rejouir-du-retour-daubameyang-a-lom\" rel=\"nofollow noopener\">Pierre-Emerick Aubameyang<\/a>, l\u2019Olympique de Marseille frappe fort. <strong>Le club phoc\u00e9en a <a target=\"_blank\" href=\"https:\/\/x.com\/OM_Officiel\/status\/1951341533338411128\" rel=\"nofollow\">officialis\u00e9 ce vendredi soir la signature d\u2019Igor Paix\u00e3o<\/a>.\u00a0<\/strong>L\u2019ailier br\u00e9silien de 25 ans s\u2019est engag\u00e9 pour <strong>un montant de 30 M\u20ac + 5 M\u20ac de bonus, ce qui fait de lui la recrue la plus ch\u00e8re de l\u2019histoire de l\u2019OM<\/strong>. Le d\u00e9sormais ex-attaquant de Feyenoord, qui a pass\u00e9 trois saisons aux Pays-Bas pour un total de 39 buts et 29 passes d\u00e9cisives en 129 matchs, d\u00e9passerait donc <a title=\"Vitinha\" href=\"https:\/\/www.transfermarkt.fr\/vitinha\/profil\/spieler\/586853\" rel=\"nofollow noopener\" target=\"_blank\">Vitinha.<\/a><\/p>\n<blockquote class=\"twitter-tweet\" data-media-max-width=\"560\">\n<p lang=\"fr\" dir=\"ltr\">\ud83c\udfb5 \ud835\udc71\ud835\udc76\ud835\udc6e\ud835\udc68 \ud835\udc6a\ud835\udc76\ud835\udc74 \ud835\udc77\ud835\udc68\ud835\udc70\ud835\udc7f\ud835\udc68\u0303\ud835\udc76 \ud83d\udc99<br \/>\n\ud835\udc08\ud835\udc20\ud835\udc28\ud835\udc2b \ud835\udc0f\ud835\udc1a\ud835\udc22\ud835\udc31\ud835\udc1a\u030a\ud835\udc28 \ud83c\udde7\ud83c\uddf7 rejoint l\u2019Olympique de Marseille en provenance du Feyenoord Rotterdam ! \ud83d\udd25 <a target=\"_blank\" href=\"https:\/\/t.co\/o6JB3wpwxu\" rel=\"nofollow\">pic.twitter.com\/o6JB3wpwxu<\/a><\/p>\n<p>\u2014 Olympique de Marseille (@OM_Officiel) <a target=\"_blank\" href=\"https:\/\/twitter.com\/OM_Officiel\/status\/1951341533338411128?ref_src=twsrc%5Etfw\" rel=\"nofollow noopener\">August 1, 2025<\/a><\/p><\/blockquote>\n<p>Dans un communiqu\u00e9 publi\u00e9 par son ancien club, Paix\u00e3o\u00a0a d\u00e9clar\u00e9 : \u00ab\u00a0Feyenoord \u00e9tait l\u2019\u00e9tape id\u00e9ale pour moi, jeune Br\u00e9silien r\u00eavant de football, et les supporters, le club et tout ce qui se passe \u00e0 Rotterdam me manqueront terriblement. O\u00f9 que la vie me m\u00e8ne, je porterai toujours Feyenoord dans mon c\u0153ur. <strong>Un nouveau et merveilleux d\u00e9fi m\u2019attend \u00e0 l\u2019Olympique de Marseille, en France et en Europe<\/strong><strong>.\u00a0\u00bb<\/strong><\/p>\n<p>Ok, c\u2019est du s\u00e9rieux.<\/p>\n<p>\t\t\t\t\t\t\t\t\t\t<a class=\"lien-connexe\" href=\"https:\/\/www.sofoot.com\/breves\/en-signant-a-marseille-aubameyang-a-fait-le-choix-du-coeur\" rel=\"nofollow noopener\" target=\"_blank\">Aubameyang avait plusieurs offres en Arabie saoudite mais a fait \u00ab\u202fle choix du c\u0153ur\u202f\u00bb<\/a>\t\t\t\t\t<script async src=\"https:\/\/platform.twitter.com\/widgets.js\" charset=\"utf-8\"><\/script><\/p>\n","protected":false},"excerpt":{"rendered":"Finalement, c\u2019est l\u2019OM qui d\u00e9croche le gros lot ! Apr\u00e8s l\u2019arriv\u00e9e (ou plut\u00f4t le retour) de Pierre-Emerick Aubameyang,&hellip;\n","protected":false},"author":2,"featured_media":290084,"comment_status":"","ping_status":"","sticky":false,"template":"","format":"standard","meta":{"footnotes":""},"categories":[2814],"tags":[1111,47,11,61,69,65,64,1777,674,63,1011,27,68,66,884,12,62,70,882,25,67],"class_list":{"0":"post-290083","1":"post","2":"type-post","3":"status-publish","4":"format-standard","5":"has-post-thumbnail","7":"category-marseille","8":"tag-actu","9":"tag-actualite","10":"tag-actualites","11":"tag-actus-football","12":"tag-bundesliga","13":"tag-championnats-europeens","14":"tag-equipe-de-france","15":"tag-eu","16":"tag-europe","17":"tag-football","18":"tag-fr","19":"tag-france","20":"tag-ligua","21":"tag-ligue-1","22":"tag-marseille","23":"tag-news","24":"tag-news-foot","25":"tag-premier-league","26":"tag-provence-alpes-cote-dazur","27":"tag-republique-francaise","28":"tag-serie-a"},"share_on_mastodon":{"url":"https:\/\/pubeurope.com\/@fr\/114956041455154007","error":""},"_links":{"self":[{"href":"https:\/\/www.europesays.com\/fr\/wp-json\/wp\/v2\/posts\/290083","targetHints":{"allow":["GET"]}}],"collection":[{"href":"https:\/\/www.europesays.com\/fr\/wp-json\/wp\/v2\/posts"}],"about":[{"href":"https:\/\/www.europesays.com\/fr\/wp-json\/wp\/v2\/types\/post"}],"author":[{"embeddable":true,"href":"https:\/\/www.europesays.com\/fr\/wp-json\/wp\/v2\/users\/2"}],"replies":[{"embeddable":true,"href":"https:\/\/www.europesays.com\/fr\/wp-json\/wp\/v2\/comments?post=290083"}],"version-history":[{"count":0,"href":"https:\/\/www.europesays.com\/fr\/wp-json\/wp\/v2\/posts\/290083\/revisions"}],"wp:featuredmedia":[{"embeddable":true,"href":"https:\/\/www.europesays.com\/fr\/wp-json\/wp\/v2\/media\/290084"}],"wp:attachment":[{"href":"https:\/\/www.europesays.com\/fr\/wp-json\/wp\/v2\/media?parent=290083"}],"wp:term":[{"taxonomy":"category","embeddable":true,"href":"https:\/\/www.europesays.com\/fr\/wp-json\/wp\/v2\/categories?post=290083"},{"taxonomy":"post_tag","embeddable":true,"href":"https:\/\/www.europesays.com\/fr\/wp-json\/wp\/v2\/tags?post=290083"}],"curies":[{"name":"wp","href":"https:\/\/api.w.org\/{rel}","templated":true}]}}