{"id":290087,"date":"2025-08-01T23:13:18","date_gmt":"2025-08-01T23:13:18","guid":{"rendered":"https:\/\/www.europesays.com\/fr\/290087\/"},"modified":"2025-08-01T23:13:18","modified_gmt":"2025-08-01T23:13:18","slug":"lyon-a-gerland-largenson-veut-se-relancer-avec-la-solidarite-des-lyonnais","status":"publish","type":"post","link":"https:\/\/www.europesays.com\/fr\/290087\/","title":{"rendered":"Lyon. A Gerland, l\u2019Argenson veut se relancer avec la solidarit\u00e9 des Lyonnais &#8211;"},"content":{"rendered":"<p>\t\t\t\t<img fetchpriority=\"high\" decoding=\"async\" width=\"900\" height=\"599\" src=\"https:\/\/www.europesays.com\/fr\/wp-content\/uploads\/2025\/07\/26_ARGENSON_AM.jpg\" alt=\"\" title=\"26_ARGENSON_AM\"   class=\"wp-image-163341\"\/><\/p>\n<p>Photos Alexandre Moulard pour Lyon People et DR<\/p>\n<p><strong>Texte\u00a0: Morgan Couturier \u2013<\/strong> Mis \u00e0 jour du 1er ao\u00fbt\u2013 Encercl\u00e9 par les travaux, l\u2019Argenson peine \u00e0 entretenir une activit\u00e9 autrefois florissante. Menac\u00e9 de dispara\u00eetre, l\u2019\u00e9tablissement esp\u00e8re b\u00e9n\u00e9ficier du soutien des Lyonnais.<\/p>\n<p>Ce n\u2019est pas encore un appel au secours, ni un message de d\u00e9tresse. Il n\u2019emp\u00eache, l\u2019Argenson aspire \u00e0 se battre. \u00c0 survivre alors que son activit\u00e9 est menac\u00e9e par \u00ab\u00a0des transformations urbaines majeures, des travaux prolong\u00e9s, et un acc\u00e8s plus complexe\u00a0\u00bb.<\/p>\n<p><img loading=\"lazy\" decoding=\"async\" class=\"alignnone size-full wp-image-163344\" src=\"data:image\/svg+xml,%3Csvg%20xmlns=\" http:=\"\" alt=\"\" width=\"900\" height=\"601\" data-lazy- data-lazy- data-lazy-src=\"https:\/\/www.europesays.com\/fr\/wp-content\/uploads\/2025\/07\/Argenson-Gerland.jpg\"\/><\/p>\n<p>\u00ab\u00a0L\u2019Argenson reste debout, actif, et anim\u00e9 par l\u2019envie de durer\u00a0\u00bb, expliquent <strong>Magali <\/strong>et<strong> Christophe Michelon<\/strong>, l\u2019\u00e9tablissement ayant d\u00e9j\u00e0 fait l\u2019objet d\u2019un placement en redressement judiciaire. <a href=\"https:\/\/www.lyonpeople.com\/actualites-lyon\/lyon-magali-et-christophe-michelon-nous-naccepterons-pas-quils-tuent-notre-restaurant-2024-11-25.html\" target=\"_blank\" rel=\"noopener\"><strong>Leur interview dramatique<\/strong><\/a> avait f\u00e9d\u00e9r\u00e9 des dizaines de milliers de lecteurs sur notre antenne.<\/p>\n<p>Pour entretenir une histoire riche de repas en famille, de d\u00e9jeuners professionnels et de r\u00e9ceptions de personnalit\u00e9s lyonnaises, le restaurant lyonnais s\u2019est donc r\u00e9solu \u00e0 passer un \u00ab\u00a0appel \u00e0 l\u2019action, \u00e0 la solidarit\u00e9, \u00e0 l\u2019envie de continuer ensemble\u00a0\u00bb.<\/p>\n<p><strong>\u00ab\u00a0Ce que nous demandons : du soutien, de la visibilit\u00e9, du dialogue et de l\u2019\u00e9lan collectif<\/strong><strong>\u00a0\u00bb, exhortent les propri\u00e9taires. <\/strong><\/p>\n<p>Par ce message, l\u2019Argenson esp\u00e8re passer outre les blocages n\u00e9s de la politique \u00e9cologiste. Malgr\u00e9 les probl\u00e9matiques de circulation et des temps de trajet allong\u00e9s, l\u2019\u00e9tablissement appelle \u00e0 un petit effort.<\/p>\n<p><img loading=\"lazy\" decoding=\"async\" class=\"alignnone size-full wp-image-163345\" src=\"data:image\/svg+xml,%3Csvg%20xmlns=\" http:=\"\" alt=\"\" width=\"900\" height=\"599\" data-lazy- data-lazy- data-lazy-src=\"https:\/\/www.europesays.com\/fr\/wp-content\/uploads\/2025\/07\/09_ARGENSON_Bar-lyon.jpg\"\/><\/p>\n<p>Avec ce souhait: \u00ab venez nous voir, r\u00e9servez une table, proposez une collaboration. Faites vivre ce lieu. L\u2019Argenson m\u00e9rite de continuer \u00e0 \u00e9crire son histoire. Avec vous \u00bb.<\/p>\n<p><strong>MISE A JOUR DU 1er AO\u00dbT 2025<br \/><\/strong>Lors de son audience du mardi 29 juillet 2025, le tribunal du commerce de Lyon a converti la p\u00e9riode de redressement en liquidation judiciaire. Il a, dans la foul\u00e9e, valid\u00e9 l\u2019offre de reprise de l\u2019Argenson par Fr\u00e9d\u00e9ric Guerra.<br \/>Associ\u00e9 de Christophe et Magali Argenson depuis 2013, mais en d\u00e9saccord avec eux, cet agent de joueurs de foot r\u00e9cup\u00e8re les cl\u00e9s de l\u2019\u00e9tablissement lundi 4 ao\u00fbt 2025, annonce-t-il dans un post instagram rep\u00e9r\u00e9 par nos confr\u00e8res de Lyon Mag.\u00a0<\/p>\n<p><img loading=\"lazy\" decoding=\"async\" class=\"alignnone size-full wp-image-163681\" src=\"data:image\/svg+xml,%3Csvg%20xmlns=\" http:=\"\" alt=\"\" width=\"900\" height=\"719\" data-lazy- data-lazy- data-lazy-src=\"https:\/\/www.europesays.com\/fr\/wp-content\/uploads\/2025\/08\/Capture-decran-2025-08-01-rachat-Argenson-Fred-guerra.jpg\"\/><\/p>\n","protected":false},"excerpt":{"rendered":"Photos Alexandre Moulard pour Lyon People et DR Texte\u00a0: Morgan Couturier \u2013 Mis \u00e0 jour du 1er ao\u00fbt\u2013&hellip;\n","protected":false},"author":2,"featured_media":274460,"comment_status":"","ping_status":"","sticky":false,"template":"","format":"standard","meta":{"footnotes":""},"categories":[1889],"tags":[4257,1111,11,41403,2430,1777,674,1011,27,2428,12,25],"class_list":{"0":"post-290087","1":"post","2":"type-post","3":"status-publish","4":"format-standard","5":"has-post-thumbnail","7":"category-lyon","8":"tag-0top","9":"tag-actu","10":"tag-actualites","11":"tag-argenson-gerland","12":"tag-auvergne-rhone-alpes","13":"tag-eu","14":"tag-europe","15":"tag-fr","16":"tag-france","17":"tag-lyon","18":"tag-news","19":"tag-republique-francaise"},"share_on_mastodon":{"url":"https:\/\/pubeurope.com\/@fr\/114956049062648365","error":""},"_links":{"self":[{"href":"https:\/\/www.europesays.com\/fr\/wp-json\/wp\/v2\/posts\/290087","targetHints":{"allow":["GET"]}}],"collection":[{"href":"https:\/\/www.europesays.com\/fr\/wp-json\/wp\/v2\/posts"}],"about":[{"href":"https:\/\/www.europesays.com\/fr\/wp-json\/wp\/v2\/types\/post"}],"author":[{"embeddable":true,"href":"https:\/\/www.europesays.com\/fr\/wp-json\/wp\/v2\/users\/2"}],"replies":[{"embeddable":true,"href":"https:\/\/www.europesays.com\/fr\/wp-json\/wp\/v2\/comments?post=290087"}],"version-history":[{"count":0,"href":"https:\/\/www.europesays.com\/fr\/wp-json\/wp\/v2\/posts\/290087\/revisions"}],"wp:featuredmedia":[{"embeddable":true,"href":"https:\/\/www.europesays.com\/fr\/wp-json\/wp\/v2\/media\/274460"}],"wp:attachment":[{"href":"https:\/\/www.europesays.com\/fr\/wp-json\/wp\/v2\/media?parent=290087"}],"wp:term":[{"taxonomy":"category","embeddable":true,"href":"https:\/\/www.europesays.com\/fr\/wp-json\/wp\/v2\/categories?post=290087"},{"taxonomy":"post_tag","embeddable":true,"href":"https:\/\/www.europesays.com\/fr\/wp-json\/wp\/v2\/tags?post=290087"}],"curies":[{"name":"wp","href":"https:\/\/api.w.org\/{rel}","templated":true}]}}