{"id":290088,"date":"2025-08-01T23:17:20","date_gmt":"2025-08-01T23:17:20","guid":{"rendered":"https:\/\/www.europesays.com\/fr\/290088\/"},"modified":"2025-08-01T23:17:20","modified_gmt":"2025-08-01T23:17:20","slug":"un-million-deuros-de-bijoux-voles-dans-son-appartement-une-femme-porte-plainte","status":"publish","type":"post","link":"https:\/\/www.europesays.com\/fr\/290088\/","title":{"rendered":"Un million d&rsquo;euros de bijoux vol\u00e9s dans son appartement : une femme porte plainte"},"content":{"rendered":"<p>Les faits se sont d\u00e9roul\u00e9s dans le 5\u00e8me arrondissement de Paris. L&rsquo;enqu\u00eate a \u00e9t\u00e9 confi\u00e9e \u00e0 la Brigade de r\u00e9pression du banditisme.<\/p>\n<p>\n      La Quotidienne Soci\u00e9t\u00e9\n    <\/p>\n<p>\n      De la vie quotidienne aux grands enjeux, recevez tous les jours les sujets qui font la soci\u00e9t\u00e9 locale, comme la justice, l\u2019\u00e9ducation, la sant\u00e9 et la famille.\n    <\/p>\n<p>    France T\u00e9l\u00e9visions utilise votre adresse e-mail afin de vous envoyer la newsletter \u00ab\u00a0La Quotidienne Soci\u00e9t\u00e9\u00a0\u00bb. Vous pouvez vous d\u00e9sinscrire \u00e0 tout moment via le lien en bas de cette newsletter. <a target=\"_blank\" href=\"https:\/\/www.francetelevisions.fr\/groupe\/confidentialite\/politique-de-confidentialite\/politique-de-confidentialite-de-france-televisions-6503\" rel=\"nofollow noopener\">Notre politique de confidentialit\u00e9<\/a><\/p>\n<p>Elle avait laiss\u00e9 ses clefs dans sa bo\u00eete aux lettres avant de partir en vacances pendant deux semaines. Ce mercredi, \u00e0 son retour, cette habitante du 5\u00e8me arrondissement a eu la mauvaise surprise de d\u00e9couvrir qu&rsquo;un million d&rsquo;euros de bijoux lui avaient \u00e9t\u00e9 vol\u00e9s.<\/p>\n<p>La police technique et scientifique s\u2019est rendue dans son appartement pour relever d\u2019\u00e9ventuelles traces et indices d&rsquo;apr\u00e8s nos confr\u00e8res du <a href=\"https:\/\/www.leparisien.fr\/paris-75\/elle-avait-laisse-ses-cles-dans-sa-boite-aux-lettres-un-million-deuros-de-bijoux-voles-dans-un-appartement-a-paris-31-07-2025-GNW53V62BFH75DIVMXBRHIBNNU.php\" target=\"_blank\" rel=\"noopener nofollow\">Parisien<\/a>.<\/p>\n<p>Le vol s&rsquo;est d\u00e9roul\u00e9 sans effraction, rapporte une source polici\u00e8re \u00e0 l&rsquo;AFP. Les\u00a0malfaiteurs ont d&rsquo;abord fouill\u00e9 l&rsquo;appartement avant de d\u00e9rober les bijoux.<\/p>\n<p>La victime a d\u00e9pos\u00e9 plainte pour vol de biens de valeurs. Une enqu\u00eate a \u00e9t\u00e9 ouverte et confi\u00e9e \u00e0 la Brigade de r\u00e9pression du banditisme, la BRB.<\/p>\n<p>L&rsquo;enqu\u00eate vise \u00e0 \u00e9claircir les circonstances des faits.<\/p>\n","protected":false},"excerpt":{"rendered":"Les faits se sont d\u00e9roul\u00e9s dans le 5\u00e8me arrondissement de Paris. L&rsquo;enqu\u00eate a \u00e9t\u00e9 confi\u00e9e \u00e0 la Brigade&hellip;\n","protected":false},"author":2,"featured_media":290089,"comment_status":"","ping_status":"","sticky":false,"template":"","format":"standard","meta":{"footnotes":""},"categories":[1888],"tags":[1111,1928,11,1927,1777,674,1011,27,12,1926,626,1925,25],"class_list":{"0":"post-290088","1":"post","2":"type-post","3":"status-publish","4":"format-standard","5":"has-post-thumbnail","7":"category-paris","8":"tag-actu","9":"tag-actu-paris","10":"tag-actualites","11":"tag-actualites-paris","12":"tag-eu","13":"tag-europe","14":"tag-fr","15":"tag-france","16":"tag-news","17":"tag-news-paris","18":"tag-paris","19":"tag-paris-news","20":"tag-republique-francaise"},"share_on_mastodon":{"url":"https:\/\/pubeurope.com\/@fr\/114956064751694686","error":""},"_links":{"self":[{"href":"https:\/\/www.europesays.com\/fr\/wp-json\/wp\/v2\/posts\/290088","targetHints":{"allow":["GET"]}}],"collection":[{"href":"https:\/\/www.europesays.com\/fr\/wp-json\/wp\/v2\/posts"}],"about":[{"href":"https:\/\/www.europesays.com\/fr\/wp-json\/wp\/v2\/types\/post"}],"author":[{"embeddable":true,"href":"https:\/\/www.europesays.com\/fr\/wp-json\/wp\/v2\/users\/2"}],"replies":[{"embeddable":true,"href":"https:\/\/www.europesays.com\/fr\/wp-json\/wp\/v2\/comments?post=290088"}],"version-history":[{"count":0,"href":"https:\/\/www.europesays.com\/fr\/wp-json\/wp\/v2\/posts\/290088\/revisions"}],"wp:featuredmedia":[{"embeddable":true,"href":"https:\/\/www.europesays.com\/fr\/wp-json\/wp\/v2\/media\/290089"}],"wp:attachment":[{"href":"https:\/\/www.europesays.com\/fr\/wp-json\/wp\/v2\/media?parent=290088"}],"wp:term":[{"taxonomy":"category","embeddable":true,"href":"https:\/\/www.europesays.com\/fr\/wp-json\/wp\/v2\/categories?post=290088"},{"taxonomy":"post_tag","embeddable":true,"href":"https:\/\/www.europesays.com\/fr\/wp-json\/wp\/v2\/tags?post=290088"}],"curies":[{"name":"wp","href":"https:\/\/api.w.org\/{rel}","templated":true}]}}