{"id":290093,"date":"2025-08-01T23:20:24","date_gmt":"2025-08-01T23:20:24","guid":{"rendered":"https:\/\/www.europesays.com\/fr\/290093\/"},"modified":"2025-08-01T23:20:24","modified_gmt":"2025-08-01T23:20:24","slug":"paris-montauban-francais-de-letranger-un-an-apres-le-nfp-la-gauche-aussi-connait-des-tensions","status":"publish","type":"post","link":"https:\/\/www.europesays.com\/fr\/290093\/","title":{"rendered":"Paris, Montauban, Fran\u00e7ais de l\u2019\u00e9tranger\u2026 Un an apr\u00e8s le NFP, la gauche aussi conna\u00eet des tensions"},"content":{"rendered":"<p><strong>D\u00c9CRYPTAGE &#8211; <\/strong>Le PS n\u2019exclut pas de contrevenir \u00e0 l\u2019accord \u00e9lectoral de 2024 en pr\u00e9sentant l\u2019un des siens dans une circonscription d\u00e9volue \u00e0 LFI, au risque de s\u2019attirer des repr\u00e9sailles m\u00e9lenchonistes dans d\u2019autres territoires strat\u00e9giques.<\/p>\n<p class=\"fig-paragraph\">Le suspense demeure. \u00c0 quelques semaines des trois \u00e9lections\u00a0<a href=\"http:\/\/www.lefigaro.fr\/flash-actu\/legislative-partielle-a-paris-vers-un-rapprochement-entre-michel-barnier-et-edouard-philippe-sur-fond-de-tension-avec-rachida-dati-20250728\" target=\"_blank\" data-fig-type=\"NewsFlash\" rel=\"noopener\" data-gtm-custom-categorie=\"navigation\" data-gtm-custom-action=\"crossclick\" data-gtm-custom-label=\"Contextuel\" data-gtm-event=\"customEventSPE\" data-fig-domain=\"LEFIGARO\">l\u00e9gislatives partielles<\/a>\u00a0qui doivent se tenir \u00e0 la rentr\u00e9e &#8211;\u00a0peut-\u00eatre d\u00e8s le mois de septembre\u00a0-, on ne conna\u00eet pas encore toutes les forces en pr\u00e9sence \u00e0 gauche. Une chose est s\u00fbre, le\u00a0<a href=\"http:\/\/www.lefigaro.fr\/politique\/toujours-coupe-en-deux-le-ps-peine-a-definir-une-ligne-strategique-claire-20250720\" target=\"_blank\" data-fig-type=\"Article\" rel=\"noopener\" data-gtm-custom-categorie=\"navigation\" data-gtm-custom-action=\"crossclick\" data-gtm-custom-label=\"Contextuel\" data-gtm-event=\"customEventSPE\" data-fig-domain=\"LEFIGARO\">Parti socialiste<\/a>\u00a0n\u2019exclut pas de contrevenir \u00e0 la r\u00e9partition des candidatures qui avait pr\u00e9valu dans le cadre de l\u2019accord \u00e9lectoral du Nouveau Front populaire (NFP) \u00e0 l\u2019\u00e9t\u00e9 2024. C\u2019est tout le sens du \u00ab\u00a0plan dissolution\u00a0\u00bb r\u00e9cemment \u00e9vent\u00e9 par le num\u00e9ro deux du PS, Pierre Jouvet.<\/p>\n<p class=\"fig-paragraph\">L\u2019objectif affich\u00e9 est d\u2019\u00eatre pr\u00eat\u00a0<a href=\"http:\/\/www.lefigaro.fr\/politique\/guillaume-tabard-hypothese-d-une-nouvelle-dissolution-une-deuxieme-erreur-ne-corrigerait-pas-la-premiere-20250707\" target=\"_blank\" data-fig-type=\"Article\" rel=\"noopener\" data-gtm-custom-categorie=\"navigation\" data-gtm-custom-action=\"crossclick\" data-gtm-custom-label=\"Contextuel\" data-gtm-event=\"customEventSPE\" data-fig-domain=\"LEFIGARO\">en cas de nouvelle dissolution<\/a>\u00a0de l\u2019Assembl\u00e9e nationale en disposant d\u2019un chef de file socialiste dans chacune des 577\u00a0circonscriptions du pays. Un message adress\u00e9, notamment, \u00e0 La\u00a0France insoumise (LFI), dont les cadres ont menac\u00e9 \u00e0 plusieurs reprises de pr\u00e9senter des candidats \u00ab\u00a0de rupture\u00a0\u00bb &#8211;\u00a0comprendre, issus de leur rang\u00a0&#8211; face \u00e0 des d\u00e9put\u00e9s socialistes sortants qu\u2019ils jugent trop \u00e9loign\u00e9s de leurs id\u00e9es, pas assez radicaux\u2026<\/p>\n<p class=\"fig-premium-paywall__infos\">\n        Cet article est r\u00e9serv\u00e9 aux abonn\u00e9s.        Il vous reste 80% \u00e0 d\u00e9couvrir.\n    <\/p>\n<p>                <img  data- alt=\"Le Figaro\" class=\"fig-img--complete fig-img\"\/><\/p>\n<p class=\"fig-premium-paywall__title\">Vous avez envie de lire la suite ?<\/p>\n<p class=\"fig-premium-paywall__subtitle\">D\u00e9bloquez tous les articles imm\u00e9diatement.<\/p>\n<p class=\"fig-premium-paywall__connect\">\n                D\u00e9j\u00e0 abonn\u00e9\u00a0?                <a class=\"fig-premium-paywall__connect-link\" href=\"https:\/\/connect.lefigaro.fr\/login?client=horizon_web&amp;type=main&amp;redirect_uri=https%3A%2F%2Fwww.lefigaro.fr%2Fpolitique%2Flegislatives-partielles-paris-montauban-francais-de-l-etranger-un-an-apres-le-nfp-la-gauche-aussi-connait-des-tensions-20250801\" data-js-gtm=\"{&quot;customCategorie&quot;: &quot;conversion&quot;, &quot;customAction&quot;: &quot;before_Landing_Connexion_paywall_auto&quot;, &quot;customLabel&quot;: &quot;bGVmaWdhcm8uZnJfXzFmMDZkNGY1LTE5YTQtNjI1MC04MDU2LTM1NmZlM2JjYTY3ZV9fQXJ0aWNsZQ==_L\u00e9gislatives partielles\u00a0: Paris, Montauban, Fran\u00e7ais de l\u2019\u00e9tranger\u2026 Un an apr\u00e8s le NFP, la gauche aussi conna\u00eet des tensions_468&quot;, &quot;customIDSPE&quot;: &quot;bGVmaWdhcm8uZnJfXzFmMDZkNGY1LTE5YTQtNjI1MC04MDU2LTM1NmZlM2JjYTY3ZV9fQXJ0aWNsZQ==&quot;, &quot;event&quot;: &quot;customEventSPE&quot;}\" target=\"_blank\" rel=\"noopener\"><br \/>\n                    Connectez-vous<br \/>\n                <\/a>\n            <\/p>\n","protected":false},"excerpt":{"rendered":"D\u00c9CRYPTAGE &#8211; Le PS n\u2019exclut pas de contrevenir \u00e0 l\u2019accord \u00e9lectoral de 2024 en pr\u00e9sentant l\u2019un des siens&hellip;\n","protected":false},"author":2,"featured_media":290094,"comment_status":"","ping_status":"","sticky":false,"template":"","format":"standard","meta":{"footnotes":""},"categories":[1888],"tags":[11,1777,674,1011,27,2383,40672,12,626,3541,25],"class_list":{"0":"post-290093","1":"post","2":"type-post","3":"status-publish","4":"format-standard","5":"has-post-thumbnail","7":"category-paris","8":"tag-actualites","9":"tag-eu","10":"tag-europe","11":"tag-fr","12":"tag-france","13":"tag-gauche","14":"tag-legislatives-partielles","15":"tag-news","16":"tag-paris","17":"tag-parti-socialiste","18":"tag-republique-francaise"},"share_on_mastodon":{"url":"https:\/\/pubeurope.com\/@fr\/114956076629859656","error":""},"_links":{"self":[{"href":"https:\/\/www.europesays.com\/fr\/wp-json\/wp\/v2\/posts\/290093","targetHints":{"allow":["GET"]}}],"collection":[{"href":"https:\/\/www.europesays.com\/fr\/wp-json\/wp\/v2\/posts"}],"about":[{"href":"https:\/\/www.europesays.com\/fr\/wp-json\/wp\/v2\/types\/post"}],"author":[{"embeddable":true,"href":"https:\/\/www.europesays.com\/fr\/wp-json\/wp\/v2\/users\/2"}],"replies":[{"embeddable":true,"href":"https:\/\/www.europesays.com\/fr\/wp-json\/wp\/v2\/comments?post=290093"}],"version-history":[{"count":0,"href":"https:\/\/www.europesays.com\/fr\/wp-json\/wp\/v2\/posts\/290093\/revisions"}],"wp:featuredmedia":[{"embeddable":true,"href":"https:\/\/www.europesays.com\/fr\/wp-json\/wp\/v2\/media\/290094"}],"wp:attachment":[{"href":"https:\/\/www.europesays.com\/fr\/wp-json\/wp\/v2\/media?parent=290093"}],"wp:term":[{"taxonomy":"category","embeddable":true,"href":"https:\/\/www.europesays.com\/fr\/wp-json\/wp\/v2\/categories?post=290093"},{"taxonomy":"post_tag","embeddable":true,"href":"https:\/\/www.europesays.com\/fr\/wp-json\/wp\/v2\/tags?post=290093"}],"curies":[{"name":"wp","href":"https:\/\/api.w.org\/{rel}","templated":true}]}}