{"id":290095,"date":"2025-08-01T23:21:10","date_gmt":"2025-08-01T23:21:10","guid":{"rendered":"https:\/\/www.europesays.com\/fr\/290095\/"},"modified":"2025-08-01T23:21:10","modified_gmt":"2025-08-01T23:21:10","slug":"un-record-de-frappes-russes-au-mois-de-juillet","status":"publish","type":"post","link":"https:\/\/www.europesays.com\/fr\/290095\/","title":{"rendered":"un record de frappes russes au mois de juillet"},"content":{"rendered":"<p>Guerre en Ukraine: un record de frappes russes au mois de juilletSur le m\u00eame sujet<a href=\"https:\/\/www.bfmtv.com\/international\/asie\/russie\/video-guerre-en-ukraine-un-record-de-frappes-russes-au-mois-de-juillet_VN-202508010531.html\" title=\"Guerre en Ukraine: un record de frappes russes au mois de juillet\" rel=\"nofollow noopener\" target=\"_blank\"><img width=\"16\" height=\"9\" class=\"lozad\"  alt=\"Guerre en Ukraine: un record de frappes russes au mois de juillet\"\/>en lectureGuerre en Ukraine: un record de frappes russes au mois de juillet<\/a><a href=\"https:\/\/www.bfmtv.com\/international\/asie\/russie\/video-guerre-en-ukraine-pour-oleksiy-goncharenko-depute-ukrainien-poutine-veut-continuer-la-guerre-il-veut-continuer-a-tuer-les-ukrainiens_VN-202508010530.html\" title=\"Guerre en Ukraine: pour Oleksiy Goncharenko, d\u00e9put\u00e9 ukrainien, &quot;Poutine veut continuer la guerre, il veut continuer \u00e0 tuer les Ukrainiens&quot;\" rel=\"nofollow noopener\" target=\"_blank\"><img width=\"16\" height=\"9\" class=\"lozad\"  alt=\"Guerre en Ukraine: pour Oleksiy Goncharenko, d\u00e9put\u00e9 ukrainien, &quot;Poutine veut continuer la guerre, il veut continuer \u00e0 tuer les Ukrainiens&quot;\"\/>2:26Guerre en Ukraine: pour Oleksiy Goncharenko, d\u00e9put\u00e9 ukrainien, \u00ab\u00a0Poutine veut continuer la guerre, il veut continuer \u00e0 tuer les Ukrainiens\u00a0\u00bb<\/a><a href=\"https:\/\/www.bfmtv.com\/replay-emissions\/week-end-direct\/video-russie-trump-envoie-deux-sous-marins-nucleaires-01-08_VN-202508010529.html\" title=\"Russie : Trump envoie deux sous-marins nucl\u00e9aires - 01\/08\" rel=\"nofollow noopener\" target=\"_blank\"><img width=\"16\" height=\"9\" class=\"lozad\"  alt=\"Russie : Trump envoie deux sous-marins nucl\u00e9aires - 01\/08\"\/>43:07Russie : Trump envoie deux sous-marins nucl\u00e9aires &#8211; 01\/08<\/a><a href=\"https:\/\/www.bfmtv.com\/international\/amerique-nord\/etats-unis\/video-envoi-de-deux-sous-marins-nucleaires-oleksiy-hontcharenko-depute-ukrainien-dit-bravo-a-donald-trump-et-estime-que-vladimir-poutine-ne-comprend-que-la-langue-de-la-force-et-de-la-puissance_VN-202508010527.html\" title=\"Envoi de deux sous-marins nucl\u00e9aires: Oleksiy Gontcharenko, d\u00e9put\u00e9 ukrainien dit &quot;bravo&quot; \u00e0 Donald Trump et estime que Vladimir Poutine &quot;ne comprend que la langue de la force et de la puissance&quot;\" rel=\"nofollow noopener\" target=\"_blank\"><img width=\"16\" height=\"9\" class=\"lozad\"  alt=\"Envoi de deux sous-marins nucl\u00e9aires: Oleksiy Gontcharenko, d\u00e9put\u00e9 ukrainien dit &quot;bravo&quot; \u00e0 Donald Trump et estime que Vladimir Poutine &quot;ne comprend que la langue de la force et de la puissance&quot;\"\/>1:11Envoi de deux sous-marins nucl\u00e9aires: Oleksiy Gontcharenko, d\u00e9put\u00e9 ukrainien dit \u00ab\u00a0bravo\u00a0\u00bb \u00e0 Donald Trump et estime que Vladimir Poutine \u00ab\u00a0ne comprend que la langue de la force et de la puissance\u00a0\u00bb<\/a><a href=\"https:\/\/www.bfmtv.com\/international\/amerique-nord\/etats-unis\/video-envoi-de-deux-sous-marins-nucleaires-une-menace-a-ete-faite-par-l-ancien-president-russe-declare-donald-trump_VN-202508010523.html\" title=\"Envoi de deux sous-marins nucl\u00e9aires: &quot;Une menace a \u00e9t\u00e9 faite par l&#039;ancien pr\u00e9sident russe&quot;, d\u00e9clare Donald Trump\" rel=\"nofollow noopener\" target=\"_blank\"><img width=\"16\" height=\"9\" class=\"lozad\"  alt=\"Envoi de deux sous-marins nucl\u00e9aires: &quot;Une menace a \u00e9t\u00e9 faite par l'ancien pr\u00e9sident russe&quot;, d\u00e9clare Donald Trump\"\/>0:22Envoi de deux sous-marins nucl\u00e9aires: \u00ab\u00a0Une menace a \u00e9t\u00e9 faite par l&rsquo;ancien pr\u00e9sident russe\u00a0\u00bb, d\u00e9clare Donald Trump<\/a><a href=\"https:\/\/www.bfmtv.com\/international\/asie\/russie\/video-russie-la-france-fait-partie-des-objectifs-du-monde-sovietique-et-du-monde-dirige-par-vladimir-poutine-estime-l-amiral-alain-coldefy-ancien-inspecteur-general-des-armees_VN-202508010491.html\" title=\"Russie: &quot;La France fait partie des objectifs du monde sovi\u00e9tique et du monde dirig\u00e9 par Vladimir Poutine&quot;, estime l&#039;amiral Alain Coldefy, ancien inspecteur g\u00e9n\u00e9ral des arm\u00e9es\" rel=\"nofollow noopener\" target=\"_blank\"><img width=\"16\" height=\"9\" class=\"lozad\"  alt=\"Russie: &quot;La France fait partie des objectifs du monde sovi\u00e9tique et du monde dirig\u00e9 par Vladimir Poutine&quot;, estime l'amiral Alain Coldefy, ancien inspecteur g\u00e9n\u00e9ral des arm\u00e9es\"\/>1:50Russie: \u00ab\u00a0La France fait partie des objectifs du monde sovi\u00e9tique et du monde dirig\u00e9 par Vladimir Poutine\u00a0\u00bb, estime l&rsquo;amiral Alain Coldefy, ancien inspecteur g\u00e9n\u00e9ral des arm\u00e9es<\/a><a href=\"https:\/\/www.bfmtv.com\/international\/asie\/russie\/video-guerre-en-ukraine-l-armee-russe-accelere-sa-progression-sur-le-terrain-pendant-que-vladimir-poutine-souhaite-une-paix-durable_VN-202508010489.html\" title=\"Guerre en Ukraine: l&#039;arm\u00e9e russe acc\u00e9l\u00e8re sa progression sur le terrain, pendant que Vladimir Poutine souhaite une &quot;paix durable&quot;\" rel=\"nofollow noopener\" target=\"_blank\"><img width=\"16\" height=\"9\" class=\"lozad\"  alt=\"Guerre en Ukraine: l'arm\u00e9e russe acc\u00e9l\u00e8re sa progression sur le terrain, pendant que Vladimir Poutine souhaite une &quot;paix durable&quot;\"\/>1:35Guerre en Ukraine: l&rsquo;arm\u00e9e russe acc\u00e9l\u00e8re sa progression sur le terrain, pendant que Vladimir Poutine souhaite une \u00ab\u00a0paix durable\u00a0\u00bb<\/a><a href=\"https:\/\/www.bfmtv.com\/replay-emissions\/bfm-story\/video-story-8-nucleaire-l-ultime-coup-de-pression-de-trump-01-08_VN-202508010477.html\" title=\"Story 8 : Nucl\u00e9aire, l&#039;ultime coup de pression de Trump ? - 01\/08\" rel=\"nofollow noopener\" target=\"_blank\"><img width=\"16\" height=\"9\" class=\"lozad\"  alt=\"Story 8 : Nucl\u00e9aire, l'ultime coup de pression de Trump ? - 01\/08\"\/>36:15Story 8 : Nucl\u00e9aire, l&rsquo;ultime coup de pression de Trump ? &#8211; 01\/08<\/a><a href=\"https:\/\/www.bfmtv.com\/international\/amerique-nord\/etats-unis\/video-envoi-de-deux-sous-marins-nucleaires-une-reponse-aux-declarations-hautement-provocatrices-de-dmitri-medvedev-selon-donald-trump_VN-202508010474.html\" title=\"Envoi de deux sous-marins nucl\u00e9aires: une r\u00e9ponse &quot;aux d\u00e9clarations hautement provocatrices de Dmitri Medvedev&quot;, selon Donald Trump\" rel=\"nofollow noopener\" target=\"_blank\"><img width=\"16\" height=\"9\" class=\"lozad\"  alt=\"Envoi de deux sous-marins nucl\u00e9aires: une r\u00e9ponse &quot;aux d\u00e9clarations hautement provocatrices de Dmitri Medvedev&quot;, selon Donald Trump\"\/>1:57Envoi de deux sous-marins nucl\u00e9aires: une r\u00e9ponse \u00ab\u00a0aux d\u00e9clarations hautement provocatrices de Dmitri Medvedev\u00a0\u00bb, selon Donald Trump<\/a><a href=\"https:\/\/www.bfmtv.com\/international\/asie\/russie\/video-donald-trump-envoie-deux-sous-marins-nucleaires-apres-des-propos-provocateurs-de-la-russie_VN-202508010471.html\" title=\"Donald Trump envoie deux sous-marins nucl\u00e9aires apr\u00e8s des propos &quot;provocateurs&quot; de la Russie\" rel=\"nofollow noopener\" target=\"_blank\"><img width=\"16\" height=\"9\" class=\"lozad\"  alt=\"Donald Trump envoie deux sous-marins nucl\u00e9aires apr\u00e8s des propos &quot;provocateurs&quot; de la Russie\"\/>1:35Donald Trump envoie deux sous-marins nucl\u00e9aires apr\u00e8s des propos \u00ab\u00a0provocateurs\u00a0\u00bb de la Russie<\/a><a href=\"https:\/\/www.bfmtv.com\/international\/amerique-nord\/etats-unis\/video-donald-trump-ordonne-l-envoi-de-deux-sous-marins-nucleaires-apres-des-propos-qu-il-juge-provocateurs-de-la-russie_VN-202508010455.html\" title=\"Donald Trump ordonne l&#039;envoi de deux sous-marins nucl\u00e9aires apr\u00e8s des propos qu&#039;il juge &quot;provocateurs&quot; de la Russie\" rel=\"nofollow noopener\" target=\"_blank\"><img width=\"16\" height=\"9\" class=\"lozad\"  alt=\"Donald Trump ordonne l'envoi de deux sous-marins nucl\u00e9aires apr\u00e8s des propos qu'il juge &quot;provocateurs&quot; de la Russie\"\/>1:40Donald Trump ordonne l&rsquo;envoi de deux sous-marins nucl\u00e9aires apr\u00e8s des propos qu&rsquo;il juge \u00ab\u00a0provocateurs\u00a0\u00bb de la Russie<\/a><a href=\"https:\/\/www.bfmtv.com\/international\/asie\/russie\/video-guerre-en-ukraine-c-est-une-guerre-de-l-information-indique-frederic-petit-depute-les-democrates-des-francais-de-l-etranger_VN-202508010446.html\" title=\"Guerre en Ukraine: &quot;C&#039;est une guerre de l&#039;information&quot;, indique Fr\u00e9d\u00e9ric Petit, d\u00e9put\u00e9 Les d\u00e9mocrates des Fran\u00e7ais de l&#039;\u00c9tranger\" rel=\"nofollow noopener\" target=\"_blank\"><img width=\"16\" height=\"9\" class=\"lozad\"  alt=\"Guerre en Ukraine: &quot;C'est une guerre de l'information&quot;, indique Fr\u00e9d\u00e9ric Petit, d\u00e9put\u00e9 Les d\u00e9mocrates des Fran\u00e7ais de l'\u00c9tranger\"\/>2:17Guerre en Ukraine: \u00ab\u00a0C&rsquo;est une guerre de l&rsquo;information\u00a0\u00bb, indique Fr\u00e9d\u00e9ric Petit, d\u00e9put\u00e9 Les d\u00e9mocrates des Fran\u00e7ais de l&rsquo;\u00c9tranger<\/a><a href=\"https:\/\/www.bfmtv.com\/international\/amerique-nord\/etats-unis\/video-guerre-en-ukraine-il-s-inscrit-dans-une-guerre-longue-estime-olivier-vedrine-politologue-administrateur-de-l-association-jean-monnet_VN-202508010431.html\" title=\"Guerre en Ukraine: Vladimir Poutine &quot;s&#039;inscrit dans une guerre longue&quot;, estime Olivier Vedrine, politologue, administrateur de l&#039;Association Jean Monnet\" rel=\"nofollow noopener\" target=\"_blank\"><img width=\"16\" height=\"9\" class=\"lozad\"  alt=\"Guerre en Ukraine: Vladimir Poutine &quot;s'inscrit dans une guerre longue&quot;, estime Olivier Vedrine, politologue, administrateur de l'Association Jean Monnet\"\/>1:10Guerre en Ukraine: Vladimir Poutine \u00ab\u00a0s&rsquo;inscrit dans une guerre longue\u00a0\u00bb, estime Olivier Vedrine, politologue, administrateur de l&rsquo;Association Jean Monnet<\/a><a href=\"https:\/\/www.bfmtv.com\/international\/amerique-nord\/etats-unis\/video-guerre-en-ukraine-jerome-poirot-ancien-adjoint-du-coordinateur-national-du-renseignement-a-l-elysee-estime-que-vladimir-poutine-n-a-pas-d-autres-solutions-que-de-repondre-a-donald-trump_VN-202508010427.html\" title=\"Guerre en Ukraine: J\u00e9r\u00f4me Poirot, ancien adjoint du coordinateur national du renseignement \u00e0 l&#039;\u00c9lys\u00e9e, estime que Vladimir Poutine &quot;n&#039;a pas d&#039;autres solutions&quot; que de r\u00e9pondre \u00e0 Donald Trump\" rel=\"nofollow noopener\" target=\"_blank\"><img width=\"16\" height=\"9\" class=\"lozad\"  alt=\"Guerre en Ukraine: J\u00e9r\u00f4me Poirot, ancien adjoint du coordinateur national du renseignement \u00e0 l'\u00c9lys\u00e9e, estime que Vladimir Poutine &quot;n'a pas d'autres solutions&quot; que de r\u00e9pondre \u00e0 Donald Trump\"\/>1:07Guerre en Ukraine: J\u00e9r\u00f4me Poirot, ancien adjoint du coordinateur national du renseignement \u00e0 l&rsquo;\u00c9lys\u00e9e, estime que Vladimir Poutine \u00ab\u00a0n&rsquo;a pas d&rsquo;autres solutions\u00a0\u00bb que de r\u00e9pondre \u00e0 Donald Trump<\/a><a class=\"jumpToVideo\" target=\"_blank\"><img class=\"thumbnailPreview\"\/><\/a><\/p>\n","protected":false},"excerpt":{"rendered":"Guerre en Ukraine: un record de frappes russes au mois de juilletSur le m\u00eame sujeten lectureGuerre en Ukraine:&hellip;\n","protected":false},"author":2,"featured_media":290096,"comment_status":"","ping_status":"","sticky":false,"template":"","format":"standard","meta":{"footnotes":""},"categories":[1591],"tags":[11,1887,12,1885,1886,132],"class_list":{"0":"post-290095","1":"post","2":"type-post","3":"status-publish","4":"format-standard","5":"has-post-thumbnail","7":"category-russie","8":"tag-actualites","9":"tag-federation-de-russie","10":"tag-news","11":"tag-russia","12":"tag-russian-federation","13":"tag-russie"},"share_on_mastodon":{"url":"https:\/\/pubeurope.com\/@fr\/114956080528438158","error":""},"_links":{"self":[{"href":"https:\/\/www.europesays.com\/fr\/wp-json\/wp\/v2\/posts\/290095","targetHints":{"allow":["GET"]}}],"collection":[{"href":"https:\/\/www.europesays.com\/fr\/wp-json\/wp\/v2\/posts"}],"about":[{"href":"https:\/\/www.europesays.com\/fr\/wp-json\/wp\/v2\/types\/post"}],"author":[{"embeddable":true,"href":"https:\/\/www.europesays.com\/fr\/wp-json\/wp\/v2\/users\/2"}],"replies":[{"embeddable":true,"href":"https:\/\/www.europesays.com\/fr\/wp-json\/wp\/v2\/comments?post=290095"}],"version-history":[{"count":0,"href":"https:\/\/www.europesays.com\/fr\/wp-json\/wp\/v2\/posts\/290095\/revisions"}],"wp:featuredmedia":[{"embeddable":true,"href":"https:\/\/www.europesays.com\/fr\/wp-json\/wp\/v2\/media\/290096"}],"wp:attachment":[{"href":"https:\/\/www.europesays.com\/fr\/wp-json\/wp\/v2\/media?parent=290095"}],"wp:term":[{"taxonomy":"category","embeddable":true,"href":"https:\/\/www.europesays.com\/fr\/wp-json\/wp\/v2\/categories?post=290095"},{"taxonomy":"post_tag","embeddable":true,"href":"https:\/\/www.europesays.com\/fr\/wp-json\/wp\/v2\/tags?post=290095"}],"curies":[{"name":"wp","href":"https:\/\/api.w.org\/{rel}","templated":true}]}}