{"id":290099,"date":"2025-08-01T23:23:15","date_gmt":"2025-08-01T23:23:15","guid":{"rendered":"https:\/\/www.europesays.com\/fr\/290099\/"},"modified":"2025-08-01T23:23:15","modified_gmt":"2025-08-01T23:23:15","slug":"donald-trump-juge-que-les-chiffres-de-lemploi-americain-sont-manipules-et-veut-limoger-une-responsable","status":"publish","type":"post","link":"https:\/\/www.europesays.com\/fr\/290099\/","title":{"rendered":"Donald Trump juge que les chiffres de l&#8217;emploi am\u00e9ricain sont \u00ab\u00a0manipul\u00e9s\u00a0\u00bb et veut limoger une responsable"},"content":{"rendered":"\n<p class=\"c-chapo \">\n  La publication, vendredi, de chiffres de l&#8217;emploi a montr\u00e9 une nette d\u00e9gradation des conditions sur le march\u00e9 du travail ces derniers mois aux Etats-Unis.\n<\/p>\n<p>            lire plus tard<\/p>\n<p id=\"dialog__title\" class=\"dialog__title\">Pour sauvegarder cet article, connectez-vous ou cr\u00e9ez un compte franceinfo<\/p>\n<p class=\"dialog__description\">Sans paiement. Sans abonnement.<\/p>\n<p>        Fermer la fen\u00eatre d\u2019activation des notifications France Info<\/p>\n<p>            cr\u00e9er votre compte<\/p>\n<p>            se connecter<\/p>\n<p>        Fermer la fen\u00eatre de pr\u00e9sentation<\/p>\n<p>    <img loading=\"lazy\" decoding=\"async\" class=\"signature__image lazyload\" width=\"100\" height=\"100\" data- alt=\"\" src=\"https:\/\/www.europesays.com\/fr\/wp-content\/uploads\/2025\/05\/64a68815cd1a7_placeholder-36b69ec8.png\"\/><\/p>\n<p>    Publi\u00e9 le 01\/08\/2025 22:06<\/p>\n<p>        Temps de lecture : 2min<\/p>\n<p>    <img decoding=\"async\"  alt=\"Le pr\u00e9sident am\u00e9ricain Donald Trump s'exprime \u00e0 la Maison Blanche, \u00e0 Washington, le 30 juillet 2025. (ANDREW THOMAS \/ MIDDLE EAST IMAGES \/ AFP)\" width=\"432\" height=\"243\" src=\"https:\/\/www.europesays.com\/fr\/wp-content\/uploads\/2025\/08\/089-mei-usa-at-htin-20250730-020-688d1d9201087757612332.jpg\" fetchpriority=\"high\"\/><\/p>\n<p>      Le pr\u00e9sident am\u00e9ricain Donald Trump s&rsquo;exprime \u00e0 la Maison Blanche, \u00e0 Washington, le 30 juillet 2025. (ANDREW THOMAS \/ MIDDLE EAST IMAGES \/ AFP)<\/p>\n<p>Selon ces donn\u00e9es, le march\u00e9 du travail s&rsquo;est nettement affaibli ces derniers mois aux Etats-Unis. Les chiffres sur l&#8217;emploi aux Etats-Unis sont \u00ab\u00a0manipul\u00e9s \u00e0 des fins politiques\u00a0\u00bb, a affirm\u00e9 le pr\u00e9sident Donald Trump, vendredi 1er ao\u00fbt, <a href=\"https:\/\/www.franceinfo.fr\/monde\/usa\/droits-de-douane\/direct-droits-de-douanes-les-surtaxes-imposees-aux-partenaires-commerciaux-des-etats-unis-par-donald-trump-prendront-effet-le-7-aout_7411372.html\" rel=\"nofollow noopener\" target=\"_blank\">quelques heures apr\u00e8s leur publication officielle<\/a>. \u00ab\u00a0Je viens d&rsquo;apprendre que les &lsquo;chiffres de l&#8217;emploi&rsquo; de notre pays sont r\u00e9alis\u00e9s par une personne nomm\u00e9e par Joe Biden, Dr. Erika McEntarfer, (&#8230;) qui a truqu\u00e9 les chiffres de l&#8217;emploi avant l&rsquo;\u00e9lection pour augmenter les chances de victoire de Kamala\u00a0\u00bb Harris, a \u00e9crit le chef de l&rsquo;Etat sur son r\u00e9seau <a href=\"https:\/\/truthsocial.com\/@realDonaldTrump\/posts\/114954846612623858\" target=\"_blank\" rel=\"noopener nofollow\">Truth Social<\/a>.<\/p>\n<p>\u00ab\u00a0J&rsquo;ai demand\u00e9 \u00e0 mon \u00e9quipe de renvoyer cette personne nomm\u00e9e par Biden, imm\u00e9diatement. Elle sera remplac\u00e9e par quelqu&rsquo;un de beaucoup plus comp\u00e9tent et qualifi\u00e9\u00a0\u00bb, a-t-il ajout\u00e9. Dans son message, il encha\u00eene en affirmant que \u00ab\u00a0des chiffres \u00e0 ce point importants doivent \u00eatre justes et exacts, ils ne peuvent pas \u00eatre manipul\u00e9s \u00e0 des fins politiques\u00a0\u00bb.<\/p>\n<p>Vendredi matin, le rapport mensuel sur l&#8217;emploi aux Etats-Unis a surpris en peignant un tableau plus sombre qu&rsquo;attendu de l&rsquo;\u00e9tat du march\u00e9 du travail, \u00e0 l&rsquo;heure o\u00f9 les experts pr\u00e9disent un ralentissement sous l&rsquo;effet de l&rsquo;offensive douani\u00e8re de Donald Trump. La premi\u00e8re \u00e9conomie mondiale a cr\u00e9\u00e9 73\u00a0000\u00a0emplois en juillet, selon le document publi\u00e9 par le minist\u00e8re du Travail. \u00ab\u00a0Un choc !\u00a0\u00bb, a comment\u00e9 Donald Trump.<\/p>\n<p>Surtout, le nombre d&#8217;emplois cens\u00e9s avoir \u00e9t\u00e9 cr\u00e9\u00e9s pendant les mois de mai et de juin a \u00e9t\u00e9 fortement r\u00e9vis\u00e9 \u00e0 la baisse. Les chiffres corrig\u00e9s (19\u00a0000 en mai et 14\u00a0000 en juin) s&rsquo;affichent ainsi au plus bas depuis la pand\u00e9mie de Covid-19. Les corrections sont \u00ab\u00a0bien sup\u00e9rieures \u00e0 la normale\u00a0\u00bb, est-il relev\u00e9 dans le rapport. Ce sont 258\u00a0000 cr\u00e9ations d&#8217;emplois qui se sont \u00e9vapor\u00e9es des statistiques sur ces deux mois. Le taux de ch\u00f4mage a l\u00e9g\u00e8rement progress\u00e9 \u00e0 4,2%, contre 4,1% en juin.<\/p>\n","protected":false},"excerpt":{"rendered":"La publication, vendredi, de chiffres de l&#8217;emploi a montr\u00e9 une nette d\u00e9gradation des conditions sur le march\u00e9 du&hellip;\n","protected":false},"author":2,"featured_media":290100,"comment_status":"","ping_status":"","sticky":false,"template":"","format":"standard","meta":{"footnotes":""},"categories":[1589],"tags":[11,73,1866,12,1864,1865,1863,308],"class_list":{"0":"post-290099","1":"post","2":"type-post","3":"status-publish","4":"format-standard","5":"has-post-thumbnail","7":"category-etats-unis","8":"tag-actualites","9":"tag-etats-unis","10":"tag-etats-unis-damerique","11":"tag-news","12":"tag-united-states","13":"tag-united-states-of-america","14":"tag-us","15":"tag-usa"},"share_on_mastodon":{"url":"https:\/\/pubeurope.com\/@fr\/114956088358010174","error":""},"_links":{"self":[{"href":"https:\/\/www.europesays.com\/fr\/wp-json\/wp\/v2\/posts\/290099","targetHints":{"allow":["GET"]}}],"collection":[{"href":"https:\/\/www.europesays.com\/fr\/wp-json\/wp\/v2\/posts"}],"about":[{"href":"https:\/\/www.europesays.com\/fr\/wp-json\/wp\/v2\/types\/post"}],"author":[{"embeddable":true,"href":"https:\/\/www.europesays.com\/fr\/wp-json\/wp\/v2\/users\/2"}],"replies":[{"embeddable":true,"href":"https:\/\/www.europesays.com\/fr\/wp-json\/wp\/v2\/comments?post=290099"}],"version-history":[{"count":0,"href":"https:\/\/www.europesays.com\/fr\/wp-json\/wp\/v2\/posts\/290099\/revisions"}],"wp:featuredmedia":[{"embeddable":true,"href":"https:\/\/www.europesays.com\/fr\/wp-json\/wp\/v2\/media\/290100"}],"wp:attachment":[{"href":"https:\/\/www.europesays.com\/fr\/wp-json\/wp\/v2\/media?parent=290099"}],"wp:term":[{"taxonomy":"category","embeddable":true,"href":"https:\/\/www.europesays.com\/fr\/wp-json\/wp\/v2\/categories?post=290099"},{"taxonomy":"post_tag","embeddable":true,"href":"https:\/\/www.europesays.com\/fr\/wp-json\/wp\/v2\/tags?post=290099"}],"curies":[{"name":"wp","href":"https:\/\/api.w.org\/{rel}","templated":true}]}}