{"id":290103,"date":"2025-08-01T23:25:29","date_gmt":"2025-08-01T23:25:29","guid":{"rendered":"https:\/\/www.europesays.com\/fr\/290103\/"},"modified":"2025-08-01T23:25:29","modified_gmt":"2025-08-01T23:25:29","slug":"lallemagne-annonce-un-budget-militaire-deux-fois-superieur-a-celui-de-la-france-pour-2026","status":"publish","type":"post","link":"https:\/\/www.europesays.com\/fr\/290103\/","title":{"rendered":"L&rsquo;Allemagne annonce un budget militaire deux fois sup\u00e9rieur \u00e0 celui de la France pour 2026"},"content":{"rendered":"<p>Apr\u00e8s avoir lev\u00e9 en mars dernier le \u00ab<strong>frein \u00e0 l&rsquo;endettement<\/strong>\u00bb, le gouvernement allemand dirig\u00e9 par le chancelier Friedrich Merz enclenche une r\u00e9orientation majeure de sa politique de d\u00e9fense. Il ambitionne en effet de doter la Bundeswehr, l&rsquo;arm\u00e9e allemande, d&rsquo;un budget de quelque <strong>108,2 milliards d&rsquo;euros<\/strong> en 2026, en combinant une enveloppe de 82,7 milliards d&rsquo;euros de cr\u00e9dits classiques avec 25,5 milliards issus du fonds sp\u00e9cial de la Bundeswehr. Cette somme ferait de l&rsquo;Allemagne le pays europ\u00e9en investissant le plus massivement dans ses capacit\u00e9s militaires conventionnelles, rel\u00e9guant la France \u00e0 la seconde place&#8230; mais loin derri\u00e8re. Car le budget du minist\u00e8re fran\u00e7ais des Arm\u00e9es s&rsquo;\u00e9l\u00e8vera pour sa part \u00e0 <strong>57,2 milliards d&rsquo;euros <\/strong>en 2026, malgr\u00e9 une hausse significative annonc\u00e9e \u00e0 la veille du 14 juillet par Emmanuel Macron dans <a href=\"https:\/\/www.capital.fr\/entreprises-marches\/bourse-dassault-thales-les-annonces-de-macron-sur-la-defense-changent-elles-la-donne-1516255\" rel=\"nofollow noopener\" target=\"_blank\">son discours aux arm\u00e9es.<\/a><\/p>\n<p>Berlin entend faire passer ses d\u00e9penses de d\u00e9fense \u00e0<strong> 3,5 % de son <\/strong><a href=\"https:\/\/www.capital.fr\/economie-politique\/pib-tout-savoir-sur-le-produit-interieur-brut-1479712\" rel=\"nofollow noopener\" target=\"_blank\"><strong>PIB <\/strong><\/a>d&rsquo;ici \u00e0 2029, au-del\u00e0 des 2 % requis par l&rsquo;Otan. Cette trajectoire budg\u00e9taire s&rsquo;accompagne de programmes colossaux. <a href=\"https:\/\/www.bloomberg.com\/news\/articles\/2025-07-29\/germany-readies-military-order-for-8-500-armored-vehicles\" rel=\"nofollow noopener\" target=\"_blank\">Selon Bloomberg<\/a>, la Bundeswehr pr\u00e9voit de commander jusqu&rsquo;\u00e0 <strong>3 500 blind\u00e9s <\/strong>ARTEC Boxer, 5 000 v\u00e9hicules Patria 6\u00d76 dans le cadre du programme CAVS, et 20 nouveaux <a href=\"https:\/\/www.capital.fr\/economie-politique\/l-allemagne-donne-finalement-son-feu-vert-a-la-livraison-d-eurofighter-a-la-turquie-1516520\" rel=\"nofollow noopener\" target=\"_blank\">chasseurs Eurofighter<\/a> EF2000. Des informations que <a href=\"https:\/\/www.reuters.com\/business\/aerospace-defense\/germany-prepares-huge-orders-jets-armored-vehicles-sources-say-2025-07-29\/\" rel=\"nofollow noopener\" target=\"_blank\">Reuters <\/a>a partiellement recoup\u00e9es, \u00e9voquant de son c\u00f4t\u00e9 <strong>3 000 Boxer et 3 500 Patria. <\/strong>Des chiffres quelque peu diff\u00e9rents, donc, mais qui restent tout de m\u00eame impressionnants. Berlin a \u00e9galement confirm\u00e9 son int\u00e9r\u00eat pour les lanceurs Typhon am\u00e9ricains. Ces achats s&rsquo;inscrivent dans un plan global de transformation, qui inclut notamment le remplacement progressif des v\u00e9hicules Fuchs.<\/p>\n<p>La premi\u00e8re arm\u00e9e conventionnelle d&rsquo;Europe<\/p>\n<p>Le gouvernement allemand assume pleinement cette <strong>mont\u00e9e en puissance<\/strong>. \u00abOutre les investissements n\u00e9cessaires pour les \u00e9quipements et les infrastructures, ce projet de budget cr\u00e9e les conditions essentielles \u00e0 la poursuite du d\u00e9veloppement de la Bundeswehr\u00bb, a pr\u00e9cis\u00e9 l&rsquo;ex\u00e9cutif, qui annonce la cr\u00e9ation de<strong> 10 000 postes militaires<\/strong>, 2 000 civils, et 20 000 \u00abtemporaires\u00bb dans le cadre d&rsquo;un nouveau service militaire. Une r\u00e9forme que le ministre de la D\u00e9fense, Boris Pistorius, d\u00e9fend avec vigueur : \u00abCe n&rsquo;est qu&rsquo;avec un maximum d&rsquo;hommes et de femmes engag\u00e9s que nous pourrons transformer les technologies de pointe en puissance militaire. Nous renforcerons donc les troupes actives en cr\u00e9ant de nombreux postes et nous mettrons en place le<strong> nouveau service militaire<\/strong>, ce qui vitalisera la r\u00e9serve.\u00bb A terme, ce d\u00e9ploiement de moyens va faire de la Bundeswehr l&rsquo;outil militaire conventionnel le plus puissant du Vieux Continent.<\/p>\n","protected":false},"excerpt":{"rendered":"Apr\u00e8s avoir lev\u00e9 en mars dernier le \u00abfrein \u00e0 l&rsquo;endettement\u00bb, le gouvernement allemand dirig\u00e9 par le chancelier Friedrich&hellip;\n","protected":false},"author":2,"featured_media":290104,"comment_status":"","ping_status":"","sticky":false,"template":"","format":"standard","meta":{"footnotes":""},"categories":[1587],"tags":[11,672,1804,1805,1803,1777,674,1801,12,1802],"class_list":{"0":"post-290103","1":"post","2":"type-post","3":"status-publish","4":"format-standard","5":"has-post-thumbnail","7":"category-allemagne","8":"tag-actualites","9":"tag-allemagne","10":"tag-bundesrepublik-deutschland","11":"tag-de","12":"tag-deutschland","13":"tag-eu","14":"tag-europe","15":"tag-germany","16":"tag-news","17":"tag-republique-federale-dallemagne"},"share_on_mastodon":{"url":"https:\/\/pubeurope.com\/@fr\/114956096161812396","error":""},"_links":{"self":[{"href":"https:\/\/www.europesays.com\/fr\/wp-json\/wp\/v2\/posts\/290103","targetHints":{"allow":["GET"]}}],"collection":[{"href":"https:\/\/www.europesays.com\/fr\/wp-json\/wp\/v2\/posts"}],"about":[{"href":"https:\/\/www.europesays.com\/fr\/wp-json\/wp\/v2\/types\/post"}],"author":[{"embeddable":true,"href":"https:\/\/www.europesays.com\/fr\/wp-json\/wp\/v2\/users\/2"}],"replies":[{"embeddable":true,"href":"https:\/\/www.europesays.com\/fr\/wp-json\/wp\/v2\/comments?post=290103"}],"version-history":[{"count":0,"href":"https:\/\/www.europesays.com\/fr\/wp-json\/wp\/v2\/posts\/290103\/revisions"}],"wp:featuredmedia":[{"embeddable":true,"href":"https:\/\/www.europesays.com\/fr\/wp-json\/wp\/v2\/media\/290104"}],"wp:attachment":[{"href":"https:\/\/www.europesays.com\/fr\/wp-json\/wp\/v2\/media?parent=290103"}],"wp:term":[{"taxonomy":"category","embeddable":true,"href":"https:\/\/www.europesays.com\/fr\/wp-json\/wp\/v2\/categories?post=290103"},{"taxonomy":"post_tag","embeddable":true,"href":"https:\/\/www.europesays.com\/fr\/wp-json\/wp\/v2\/tags?post=290103"}],"curies":[{"name":"wp","href":"https:\/\/api.w.org\/{rel}","templated":true}]}}