{"id":290105,"date":"2025-08-01T23:26:11","date_gmt":"2025-08-01T23:26:11","guid":{"rendered":"https:\/\/www.europesays.com\/fr\/290105\/"},"modified":"2025-08-01T23:26:11","modified_gmt":"2025-08-01T23:26:11","slug":"avant-gout-des-championnats-deurope-et-parfum-olympique","status":"publish","type":"post","link":"https:\/\/www.europesays.com\/fr\/290105\/","title":{"rendered":"avant-go\u00fbt des championnats d\u2019Europe et parfum olympique"},"content":{"rendered":"<p>Depuis ce vendredi 1er \u00a0ao\u00fbt, la carri\u00e8re du centre \u00e9questre de M\u00e2con-Chaintr\u00e9 accueille son tout premier concours de dressage international (CDI), qui r\u00e9unit des cavaliers de 15 nationalit\u00e9s diff\u00e9rentes, dont la France, 5e\u00a0 aux derniers Jeux olympiques de Paris. L\u2019\u00e9v\u00e8nement sert d\u2019ultime r\u00e9p\u00e9tition avant les prochains championnats d\u2019Europe, qui auront lieu \u00e0 Crozet, dans l\u2019Ain, \u00e0 la fin du mois d\u2019ao\u00fbt. Le concours se poursuit jusqu\u2019\u00e0 dimanche, avec deux temps forts, le Grand Prix freestyle, ce samedi 2\u00a0ao\u00fbt \u00e0 14\u00a0h, et le Grand prix sp\u00e9cial, dimanche 3\u00a0ao\u00fbt \u00e0 9\u00a0h\u00a030.<\/p>\n","protected":false},"excerpt":{"rendered":"Depuis ce vendredi 1er \u00a0ao\u00fbt, la carri\u00e8re du centre \u00e9questre de M\u00e2con-Chaintr\u00e9 accueille son tout premier concours de&hellip;\n","protected":false},"author":2,"featured_media":290106,"comment_status":"","ping_status":"","sticky":false,"template":"","format":"standard","meta":{"footnotes":""},"categories":[1586],"tags":[11,42909,1687,3718,10869,1777,674,107,1011,27,3717,12,25,517],"class_list":{"0":"post-290105","1":"post","2":"type-post","3":"status-publish","4":"format-standard","5":"has-post-thumbnail","7":"category-europe","8":"tag-actualites","9":"tag-chaintre","10":"tag-culture-loisirs","11":"tag-edition-macon","12":"tag-equitation","13":"tag-eu","14":"tag-europe","15":"tag-fil-info","16":"tag-fr","17":"tag-france","18":"tag-la-chapelle-de-guinchay-bassin","19":"tag-news","20":"tag-republique-francaise","21":"tag-sport"},"share_on_mastodon":{"url":"https:\/\/pubeurope.com\/@fr\/114956100143246375","error":""},"_links":{"self":[{"href":"https:\/\/www.europesays.com\/fr\/wp-json\/wp\/v2\/posts\/290105","targetHints":{"allow":["GET"]}}],"collection":[{"href":"https:\/\/www.europesays.com\/fr\/wp-json\/wp\/v2\/posts"}],"about":[{"href":"https:\/\/www.europesays.com\/fr\/wp-json\/wp\/v2\/types\/post"}],"author":[{"embeddable":true,"href":"https:\/\/www.europesays.com\/fr\/wp-json\/wp\/v2\/users\/2"}],"replies":[{"embeddable":true,"href":"https:\/\/www.europesays.com\/fr\/wp-json\/wp\/v2\/comments?post=290105"}],"version-history":[{"count":0,"href":"https:\/\/www.europesays.com\/fr\/wp-json\/wp\/v2\/posts\/290105\/revisions"}],"wp:featuredmedia":[{"embeddable":true,"href":"https:\/\/www.europesays.com\/fr\/wp-json\/wp\/v2\/media\/290106"}],"wp:attachment":[{"href":"https:\/\/www.europesays.com\/fr\/wp-json\/wp\/v2\/media?parent=290105"}],"wp:term":[{"taxonomy":"category","embeddable":true,"href":"https:\/\/www.europesays.com\/fr\/wp-json\/wp\/v2\/categories?post=290105"},{"taxonomy":"post_tag","embeddable":true,"href":"https:\/\/www.europesays.com\/fr\/wp-json\/wp\/v2\/tags?post=290105"}],"curies":[{"name":"wp","href":"https:\/\/api.w.org\/{rel}","templated":true}]}}