{"id":290107,"date":"2025-08-01T23:27:13","date_gmt":"2025-08-01T23:27:13","guid":{"rendered":"https:\/\/www.europesays.com\/fr\/290107\/"},"modified":"2025-08-01T23:27:13","modified_gmt":"2025-08-01T23:27:13","slug":"infographie-avec-des-prix-qui-augmentent-deux-fois-moins-que-la-moyenne-europeenne-linflation-francaise-parmi-les-plus-faibles-de-lue","status":"publish","type":"post","link":"https:\/\/www.europesays.com\/fr\/290107\/","title":{"rendered":"INFOGRAPHIE. Avec des prix qui augmentent deux fois moins que la moyenne europ\u00e9enne, l&rsquo;inflation fran\u00e7aise parmi les plus faibles de l&rsquo;UE"},"content":{"rendered":"<p>L&rsquo;inflation est rest\u00e9e stable dans la zone euro en juillet, \u00e0 2% sur un an, selon des donn\u00e9es publi\u00e9es ce vendredi 1er ao\u00fbt par l&rsquo;office europ\u00e9en des statistiques.<\/p>\n<p>Des chiffres l\u00e9g\u00e8rement moins bons qu&rsquo;esp\u00e9r\u00e9. D&rsquo;apr\u00e8s les derni\u00e8res statistiques mises \u00e0 jour et d\u00e9voil\u00e9es par Eurostat ce vendredi 1er ao\u00fbt, l&rsquo;inflation est rest\u00e9e stable en juillet dans la zone euro, \u00e0 2% sur un an. C&rsquo;est un peu moins bien que les pr\u00e9visions des analystes, qui tablaient sur une tr\u00e8s l\u00e9g\u00e8re baisse.<\/p>\n<p>L&rsquo;inflation sous-jacente &#8211; corrig\u00e9e des prix volatils de l&rsquo;\u00e9nergie et de l&rsquo;alimentation -, qui fait r\u00e9f\u00e9rence pour les experts, est elle aussi rest\u00e9e stable, \u00e0 2,3% dans les 20 pays partageant la monnaie unique europ\u00e9enne.<\/p>\n<p>L&rsquo;inflation \u00e0 0,9% en France<\/p>\n<p>En France, l&rsquo;inflation (indice harmonis\u00e9e) est estim\u00e9e \u00e0 0,9% sur un an en juillet 2025. C&rsquo;est trois fois moins que l&rsquo;an dernier o\u00f9 elle s&rsquo;\u00e9levait \u00e0 2,7% sur une ann\u00e9e.<\/p>\n<p>Apr\u00e8s avoir atteint des niveaux record dans le sillage de la pand\u00e9mie de Covid-19 et de la guerre en Ukraine, le rythme de la hausse des prix \u00e0 la consommation s&rsquo;aligne sur les objectifs de la Banque centrale europ\u00e9enne. Elle avait atteint un record en octobre 2022, \u00e0 10,6% sur un an.<\/p>\n<p>D\u00e9sormais, l&rsquo;inqui\u00e9tude se focalise sur la faible croissance \u00e9conomique du bloc. Et d&rsquo;autant plus avec l&rsquo;entr\u00e9e en vigueur, <a href=\"https:\/\/www.bfmtv.com\/economie\/international\/report-des-nouvelles-surtaxes-au-7-aout-donald-trump-accorde-quelques-jours-de-repit-sur-l-application-des-droits-de-douane_AD-202508010079.html\" title=\"Faux d\u00e9part pour les droits de douane: Trump signe un d\u00e9cret pour les reporter au 7 ao\u00fbt\" class=\"internal_link\" rel=\"nofollow noopener\" target=\"_blank\">le 7 ao\u00fbt, des droits de douane de Donald Trump<\/a>, qui donnent des sueurs froides aux Europ\u00e9ens.<\/p>\n<p>Apr\u00e8s des mois de n\u00e9gociations tr\u00e8s \u00e2pres, Bruxelles et Washington ont scell\u00e9 un accord commercial bas\u00e9 sur des droits de douane de 15% sur les produits europ\u00e9ens qui arrivent aux Etats-Unis, avec certaines exemptions de taxes par exemple pour l&rsquo;a\u00e9ronautique. Avant l&rsquo;arriv\u00e9e de Donald Trump au pouvoir, les biens europ\u00e9ens \u00e9taient tax\u00e9s en moyenne \u00e0 4,8%.<\/p>\n","protected":false},"excerpt":{"rendered":"L&rsquo;inflation est rest\u00e9e stable dans la zone euro en juillet, \u00e0 2% sur un an, selon des donn\u00e9es&hellip;\n","protected":false},"author":2,"featured_media":284311,"comment_status":"","ping_status":"","sticky":false,"template":"","format":"standard","meta":{"footnotes":""},"categories":[1586],"tags":[11,1777,674,1779,1011,27,12,25,1778,364],"class_list":{"0":"post-290107","1":"post","2":"type-post","3":"status-publish","4":"format-standard","5":"has-post-thumbnail","7":"category-europe","8":"tag-actualites","9":"tag-eu","10":"tag-europe","11":"tag-european-union","12":"tag-fr","13":"tag-france","14":"tag-news","15":"tag-republique-francaise","16":"tag-ue","17":"tag-union-europeenne"},"share_on_mastodon":{"url":"https:\/\/pubeurope.com\/@fr\/114956104070734395","error":""},"_links":{"self":[{"href":"https:\/\/www.europesays.com\/fr\/wp-json\/wp\/v2\/posts\/290107","targetHints":{"allow":["GET"]}}],"collection":[{"href":"https:\/\/www.europesays.com\/fr\/wp-json\/wp\/v2\/posts"}],"about":[{"href":"https:\/\/www.europesays.com\/fr\/wp-json\/wp\/v2\/types\/post"}],"author":[{"embeddable":true,"href":"https:\/\/www.europesays.com\/fr\/wp-json\/wp\/v2\/users\/2"}],"replies":[{"embeddable":true,"href":"https:\/\/www.europesays.com\/fr\/wp-json\/wp\/v2\/comments?post=290107"}],"version-history":[{"count":0,"href":"https:\/\/www.europesays.com\/fr\/wp-json\/wp\/v2\/posts\/290107\/revisions"}],"wp:featuredmedia":[{"embeddable":true,"href":"https:\/\/www.europesays.com\/fr\/wp-json\/wp\/v2\/media\/284311"}],"wp:attachment":[{"href":"https:\/\/www.europesays.com\/fr\/wp-json\/wp\/v2\/media?parent=290107"}],"wp:term":[{"taxonomy":"category","embeddable":true,"href":"https:\/\/www.europesays.com\/fr\/wp-json\/wp\/v2\/categories?post=290107"},{"taxonomy":"post_tag","embeddable":true,"href":"https:\/\/www.europesays.com\/fr\/wp-json\/wp\/v2\/tags?post=290107"}],"curies":[{"name":"wp","href":"https:\/\/api.w.org\/{rel}","templated":true}]}}