{"id":290110,"date":"2025-08-01T23:29:10","date_gmt":"2025-08-01T23:29:10","guid":{"rendered":"https:\/\/www.europesays.com\/fr\/290110\/"},"modified":"2025-08-01T23:29:10","modified_gmt":"2025-08-01T23:29:10","slug":"le-psg-a-informe-donnarumma-de-larrivee-de-chevalier","status":"publish","type":"post","link":"https:\/\/www.europesays.com\/fr\/290110\/","title":{"rendered":"Le PSG a inform\u00e9 Donnarumma de l\u2019arriv\u00e9e de Chevalier &#8211;"},"content":{"rendered":"<p><img width=\"780\" height=\"470\" src=\"https:\/\/www.europesays.com\/fr\/wp-content\/uploads\/2025\/08\/GettyImages-2175321038.jpg-780x470.webp.webp\" class=\"attachment-jannah-image-post size-jannah-image-post wp-post-image\" alt=\"Luis Enrique et Donnarumma\" is_main_img=\"1\" decoding=\"async\" fetchpriority=\"high\"\/><br \/>\n Image : Getty<br \/>\nImages<\/p>\n<p>Le PSG devrait changer de gardien cet \u00e9t\u00e9. Titulaire cette<br \/>\nsaison, Gianluigi Donnarumma a \u00e9t\u00e9 pr\u00e9venu que Lucas Chevalier<br \/>\ndevrait rejoindre le PSG.<\/p>\n<p>Ces derniers jours, les informations mercato du<br \/>\n<strong>PSG<\/strong> tournent presque toutes autour du poste de<br \/>\ngardien. Dans l\u2019impasse au sujet de la prolongation de contrat de<br \/>\n<strong><a href=\"https:\/\/canal-supporters.com\/manchester-united-une-piste-a-oublier-pour-donnarumma\/\" title=\"\" target=\"_blank\" rel=\"noopener\">Gianluigi Donnarumma<\/a><\/strong>, le club de la capitale<br \/>\na relanc\u00e9 la piste menant \u00e0 <strong>Lucas Chevalier<\/strong>. Il<br \/>\naurait d\u00e9j\u00e0 trouv\u00e9 un accord avec l\u2019international fran\u00e7ais et<br \/>\ndiscuterait depuis plusieurs jours avec Lille pour trouver un<br \/>\naccord pour un transfert au <strong>PSG<\/strong>. Du c\u00f4t\u00e9 de<br \/>\n<strong>Gianluigi Donnarumma<\/strong>, on souhaiterait rester chez<br \/>\nles Rouge &amp; Bleu m\u00eame s\u2019il ne trouve pas d\u2019accord pour une<br \/>\nprolongation de contrat, lui qui est encore li\u00e9 au<br \/>\n<strong>PSG<\/strong> jusqu\u2019en juin 2026.\u00a0<\/p>\n<p>A voir aussi : <a href=\"https:\/\/canal-supporters.com\/mercato-derniere-ligne-droite-pour-le-transfert-de-lucas-chevalier-au-psg\/\" title=\"\" target=\"_blank\" rel=\"noopener\">Mercato : Derni\u00e8re ligne droite pour le transfert de Lucas<br \/>\nChevalier au PSG !<\/a><\/p>\n<p><a href=\"https:\/\/x.com\/CanalSupporters\" target=\"_blank\" rel=\"noopener\" title=\"\">canalsupporters.com<\/a><\/p>\n<p>Les dirigeants<br \/>\nont souhait\u00e9 afficher un discours tr\u00e8s transparent aupr\u00e8s de leur<br \/>\ngardien<\/p>\n<p>Ce vendredi soir, <a href=\"https:\/\/rmcsport.bfmtv.com\/football\/clubs\/paris-saint-germain\/info-rmc-sport-le-psg-a-informe-donnarumma-de-l-arrivee-prochaine-de-chevalier_AV-202508010501.html\" target=\"_blank\" rel=\"noopener\" title=\"\">RMC Sport<\/a> explique<br \/>\nque selon ses informations, le <strong>PSG<\/strong> aurait inform\u00e9<br \/>\nl\u2019international italien de l\u2019arriv\u00e9e prochaine de <strong>Lucas<br \/>\nChevalier<\/strong> au sein de l\u2019effectif parisien. \u00ab\u00a0Les<br \/>\ndirigeants ont souhait\u00e9 afficher un discours tr\u00e8s transparent<br \/>\naupr\u00e8s de leur gardien, \u00e0 qui ils ne veulent pas cacher les<br \/>\nchoses.\u00a0\u00bb Forc\u00e9ment, la nouvelle n\u2019a pas fait plaisir \u00e0<br \/>\n<strong>Gianluigi Donnarumma<\/strong>. Dans l\u2019entourage de<br \/>\nl\u2019Italien, on ne souhaite pas faire de commentaires sur la<br \/>\nsituation et on pr\u00e9f\u00e8re attendre la suite des \u00e9v\u00e8nements, explique<br \/>\nle m\u00e9dia sportif. Ce dernier avance que le dossier <strong>Lucas<br \/>\nChevalier<\/strong> avance bien. \u00ab\u00a0Les n\u00e9gociations avec le<br \/>\n<strong>Losc<\/strong> se sont acc\u00e9l\u00e9r\u00e9es ces derniers jours, les<br \/>\ndeux parties ayant accept\u00e9 l\u2019id\u00e9e d\u2019un transfert cet \u00e9t\u00e9. Un<br \/>\ncontrat de cinq ans est d\u00e9j\u00e0 sur la table pour le gardien fran\u00e7ais.<br \/>\n<strong>Paris<\/strong> continue de discuter avec<br \/>\n<strong>Lille<\/strong> une op\u00e9ration autour de 40 millions d\u2019euros<br \/>\nhors bonus. La confiance est de mise de part et d\u2019autre sur la<br \/>\nfaisabilit\u00e9 du transfert.\u00a0\u00bb En ce qui concerne<br \/>\n<strong>Gianluigi Donnarumma<\/strong>, les discussions engag\u00e9es<br \/>\ndepuis plusieurs mois pour sa prolongation n\u2019ont pas encore abouti<br \/>\nen raison de la proposition salariale du <strong>PSG<\/strong>, qui<br \/>\nveut d\u00e9sormais inclure une part variable dans tous les nouveaux<br \/>\ncontrats sign\u00e9s. D\u00e9sormais clairement inform\u00e9 de la situation<br \/>\nautour de <strong>Lucas Chevalier<\/strong>,<br \/>\n<strong>Donnarumma<\/strong> sait \u00e0 quoi s\u2019en tenir. Deux choix<br \/>\ns\u2019offrent \u00e0 lui\u00a0: partir cet \u00e9t\u00e9 \u2013 ce que le<br \/>\n<strong>PSG<\/strong> verrait d\u2019un bon \u0153il \u2013 ou rester, ce qui<br \/>\npourrait augurer quelques crispations cette saison. Dans l\u2019esprit<br \/>\nde <strong>Luis Enrique<\/strong>, <strong>Lucas Chevalier<\/strong><br \/>\nest amen\u00e9 \u00e0 devenir le gardien <a href=\"https:\/\/canal-supporters.com\/psg-gianluigi-donnarumma-ne-veut-pas-partir-luis-enrique-a-lui-tranche\/\" title=\"\" target=\"_blank\" rel=\"noopener\">num\u00e9ro 1<\/a> du <strong>PSG<\/strong> \u00e0 son arriv\u00e9e. Mais<br \/>\nsi <strong>Donnarumma<\/strong> d\u00e9cide de rester, il ne sera pas mis<br \/>\nde c\u00f4t\u00e9 compte tenu de son historique, de ses performances la<br \/>\nsaison pass\u00e9e et de ce qu\u2019il repr\u00e9sente dans le vestiaire. Ce qui<br \/>\npourrait donc installer un flou \u00e0 un poste plus que strat\u00e9gique,<br \/>\nconclut RMC Sport.<\/p><\/p>\n","protected":false},"excerpt":{"rendered":"Image : Getty Images Le PSG devrait changer de gardien cet \u00e9t\u00e9. Titulaire cette saison, Gianluigi Donnarumma a&hellip;\n","protected":false},"author":2,"featured_media":290111,"comment_status":"","ping_status":"","sticky":false,"template":"","format":"standard","meta":{"footnotes":""},"categories":[2],"tags":[11,81,787,13121,1011,27,8772,10528,1307,4668,1434,1435,12,626,91,92,93,25,96],"class_list":{"0":"post-290110","1":"post","2":"type-post","3":"status-publish","4":"format-standard","5":"has-post-thumbnail","7":"category-actualites","8":"tag-actualites","9":"tag-canal-supporters","10":"tag-cs","11":"tag-donnarumma","12":"tag-fr","13":"tag-france","14":"tag-gardien","15":"tag-gianluigi-donnarumma","16":"tag-lille","17":"tag-lucas-chevalier","18":"tag-mercato","19":"tag-mercato-psg","20":"tag-news","21":"tag-paris","22":"tag-paris-saint-germain","23":"tag-paris-sg","24":"tag-psg","25":"tag-republique-francaise","26":"tag-une"},"share_on_mastodon":{"url":"https:\/\/pubeurope.com\/@fr\/114956112008787629","error":""},"_links":{"self":[{"href":"https:\/\/www.europesays.com\/fr\/wp-json\/wp\/v2\/posts\/290110","targetHints":{"allow":["GET"]}}],"collection":[{"href":"https:\/\/www.europesays.com\/fr\/wp-json\/wp\/v2\/posts"}],"about":[{"href":"https:\/\/www.europesays.com\/fr\/wp-json\/wp\/v2\/types\/post"}],"author":[{"embeddable":true,"href":"https:\/\/www.europesays.com\/fr\/wp-json\/wp\/v2\/users\/2"}],"replies":[{"embeddable":true,"href":"https:\/\/www.europesays.com\/fr\/wp-json\/wp\/v2\/comments?post=290110"}],"version-history":[{"count":0,"href":"https:\/\/www.europesays.com\/fr\/wp-json\/wp\/v2\/posts\/290110\/revisions"}],"wp:featuredmedia":[{"embeddable":true,"href":"https:\/\/www.europesays.com\/fr\/wp-json\/wp\/v2\/media\/290111"}],"wp:attachment":[{"href":"https:\/\/www.europesays.com\/fr\/wp-json\/wp\/v2\/media?parent=290110"}],"wp:term":[{"taxonomy":"category","embeddable":true,"href":"https:\/\/www.europesays.com\/fr\/wp-json\/wp\/v2\/categories?post=290110"},{"taxonomy":"post_tag","embeddable":true,"href":"https:\/\/www.europesays.com\/fr\/wp-json\/wp\/v2\/tags?post=290110"}],"curies":[{"name":"wp","href":"https:\/\/api.w.org\/{rel}","templated":true}]}}