{"id":290114,"date":"2025-08-01T23:31:12","date_gmt":"2025-08-01T23:31:12","guid":{"rendered":"https:\/\/www.europesays.com\/fr\/290114\/"},"modified":"2025-08-01T23:31:12","modified_gmt":"2025-08-01T23:31:12","slug":"7-representants-du-club-de-golf-victoriaville-prendront-part-a-la-coupe-canada-victoriaville","status":"publish","type":"post","link":"https:\/\/www.europesays.com\/fr\/290114\/","title":{"rendered":"7 repr\u00e9sentants du Club de golf Victoriaville prendront part \u00e0 la Coupe Canada Victoriaville"},"content":{"rendered":"<p> <img decoding=\"async\" class=\"lazyload\" src=\"https:\/\/www.europesays.com\/fr\/wp-content\/uploads\/2025\/08\/SergeBreton2018-b-678x381.jpg\" alt=\"\" title=\"Serge Breton 2018\"\/>Serge Breton en 2018.<br \/>\n(Photo courtoisie)<\/p>\n<p><strong>\u00c0 l\u2019occasion de la 12e \u00e9dition de la Coupe Canada Victoriaville \u2013 Fenergic, qui se tiendra du 14 au 17 ao\u00fbt prochain, sept repr\u00e9sentants du Club de golf Victoriaville prendront part \u00e0 la comp\u00e9tition. <\/strong><\/p>\n<p>Trois golfeurs professionnels et quatre autres amateurs repr\u00e9senteront fi\u00e8rement le Club de golf local lors de la prochaine \u00e9dition de la Coupe Canada Victoriaville \u2013 Fenergic.<\/p>\n<p>Chez les professionnels, J\u00e9r\u00f4me Blais, professionnel affili\u00e9 au Club de golf Victoriaville, sera de nouveau au rendez-vous. No\u00e9mie Par\u00e9, golfeuse ayant disput\u00e9 l\u2019US Open de la Ladies Professional Golf Association (LPGA) en 2021, sera \u00e9galement de la partie. Finalement, Jean-Michel Par\u00e9, champion amateur de l\u2019\u00e9dition 2017 avec un score de -11 sur quatre rondes, repr\u00e9sentera \u00e9galement le Club de golf Victoriaville.<\/p>\n<p>Quatre amateurs se joindront \u00e0 eux.<\/p>\n<p>Charles-Andr\u00e9 Therrien, champion du Club de golf Victoriaville en 2024, participera \u00e0 sa deuxi\u00e8me Coupe Canada V-F. Thomas Valli\u00e8res, en sera \u00e0 sa huiti\u00e8me participation, lui qui avait fait ses d\u00e9buts \u00e0 seulement 14 ans en 2015. Il a franchi la coupure en 2019. Serge Breton, habitu\u00e9 du tournoi, signera une sixi\u00e8me participation et Claude Savoie, fid\u00e8le au poste lui aussi, vivra sa cinqui\u00e8me Coupe Canada.<\/p>\n<p>Au fil des ann\u00e9es, peu de membres du Club de golf Victoriaville ont r\u00e9ussi \u00e0 franchir la coupure apr\u00e8s les deux premi\u00e8res rondes.<\/p>\n<p>Outre Thomas Valli\u00e8res (2019) et Jean-Michel Par\u00e9 (2017), seuls Francis Rouillier (champion amateur en 2013, 2018 et 2021) et Shawn Langlois (champion amateur en 2014) y sont parvenus.<\/p>\n<p>Un rappel que l\u2019admission \u00e0 la Coupe Canada Victoriaville \u2013 Fenergic est gratuite.<\/p>\n","protected":false},"excerpt":{"rendered":"Serge Breton en 2018. (Photo courtoisie) \u00c0 l\u2019occasion de la 12e \u00e9dition de la Coupe Canada Victoriaville \u2013&hellip;\n","protected":false},"author":2,"featured_media":290115,"comment_status":"","ping_status":"","sticky":false,"template":"","format":"standard","meta":{"footnotes":""},"categories":[1418],"tags":[1011,27,1472,60],"class_list":{"0":"post-290114","1":"post","2":"type-post","3":"status-publish","4":"format-standard","5":"has-post-thumbnail","7":"category-golf","8":"tag-fr","9":"tag-france","10":"tag-golf","11":"tag-sports"},"share_on_mastodon":{"url":"https:\/\/pubeurope.com\/@fr\/114956119862945983","error":""},"_links":{"self":[{"href":"https:\/\/www.europesays.com\/fr\/wp-json\/wp\/v2\/posts\/290114","targetHints":{"allow":["GET"]}}],"collection":[{"href":"https:\/\/www.europesays.com\/fr\/wp-json\/wp\/v2\/posts"}],"about":[{"href":"https:\/\/www.europesays.com\/fr\/wp-json\/wp\/v2\/types\/post"}],"author":[{"embeddable":true,"href":"https:\/\/www.europesays.com\/fr\/wp-json\/wp\/v2\/users\/2"}],"replies":[{"embeddable":true,"href":"https:\/\/www.europesays.com\/fr\/wp-json\/wp\/v2\/comments?post=290114"}],"version-history":[{"count":0,"href":"https:\/\/www.europesays.com\/fr\/wp-json\/wp\/v2\/posts\/290114\/revisions"}],"wp:featuredmedia":[{"embeddable":true,"href":"https:\/\/www.europesays.com\/fr\/wp-json\/wp\/v2\/media\/290115"}],"wp:attachment":[{"href":"https:\/\/www.europesays.com\/fr\/wp-json\/wp\/v2\/media?parent=290114"}],"wp:term":[{"taxonomy":"category","embeddable":true,"href":"https:\/\/www.europesays.com\/fr\/wp-json\/wp\/v2\/categories?post=290114"},{"taxonomy":"post_tag","embeddable":true,"href":"https:\/\/www.europesays.com\/fr\/wp-json\/wp\/v2\/tags?post=290114"}],"curies":[{"name":"wp","href":"https:\/\/api.w.org\/{rel}","templated":true}]}}