{"id":290116,"date":"2025-08-01T23:33:20","date_gmt":"2025-08-01T23:33:20","guid":{"rendered":"https:\/\/www.europesays.com\/fr\/290116\/"},"modified":"2025-08-01T23:33:20","modified_gmt":"2025-08-01T23:33:20","slug":"ces-cinq-joueurs-qui-pourraient-exploser-la-saison-prochaine","status":"publish","type":"post","link":"https:\/\/www.europesays.com\/fr\/290116\/","title":{"rendered":"ces cinq joueurs qui pourraient exploser la saison prochaine"},"content":{"rendered":"<p>Le Stade Toulousain va aborder la saison 2025\/2026 avec app\u00e9tit. Au terme d\u2019un exercice o\u00f9 ils auront connu plus de difficult\u00e9s qu\u2019\u00e0 l\u2019accoutum\u00e9, avec les blessures de plusieurs cadres (Dupont, Mauvaka, Capuozzo etc) ou des probl\u00e8mes extrasportifs, les Rouge et Noir sont parvenus \u00e0 conserver leur Bouclier de Brennus.<\/p>\n<p>Les co\u00e9quipiers d\u2019Antoine Dupont ont l\u2019occasion unique d\u2019\u00e9galer la g\u00e9n\u00e9ration Lacroix, Ntamack ou Cazalbou en allant d\u00e9crocher un quatri\u00e8me titre cons\u00e9cutif en Top 14. Pour se faire, Ugo Mola s\u2019appuiera une nouvelle fois sur ses nombreux internationaux. N\u00e9anmoins, les jeunes talents pr\u00e9sents au club devront assurer lors des nombreux doublons pour maintenir le club tout en haut du classement. Comme chaque ann\u00e9e, des jeunes joueurs pourraient s\u2019illustrer et donner des maux de t\u00eate au staff en vue des phases finales. Retrouvez les cinq talents qui pourraient exploser l\u2019an prochain.<\/p>\n<p>Thomas Lacombre \u2013 talonneur<\/p>\n<p>Voil\u00e0 bien un poste o\u00f9 le Stade Toulousain ne manque pas de talents. Si l\u2019effectif rouge et noir impressionne, il en devient carr\u00e9ment gargantuesque au niveau des talonneurs. Non content de poss\u00e9der les deux meilleurs joueurs en France (Mauvaka et Marchand), le staff d\u2019Ugo Mola peut compter sur des jeunes talents. On connaissait d\u00e9j\u00e0 Guillaume Cramont, fiable depuis plusieurs ann\u00e9es et en constante progression, on a d\u00e9couvert l\u2019an pass\u00e9 Thomas Lacombre. Dot\u00e9 de qualit\u00e9s d\u2019explosivit\u00e9 exceptionnelles, le champion du monde U20 a crev\u00e9 l\u2019\u00e9cran lors de ses diff\u00e9rentes apparitions. L\u2019absence de Peato Mauvaka en premi\u00e8re partie de saison devrait lui permettre d\u2019encha\u00eener les feuilles de match et de continuer de grimper dans la hi\u00e9rarchie.<\/p>\n<p><img loading=\"lazy\" decoding=\"async\" class=\"size-thumbnail wp-image-5590\" src=\"https:\/\/www.europesays.com\/fr\/wp-content\/uploads\/2025\/08\/ICONSPORT_255784_0337-1-500x267.jpg\" alt=\"\" width=\"500\" height=\"267\"\/> Thomas Lacombre<\/p>\n<p>Benjamin Bertrand \u2013 pilier gauche<\/p>\n<p>Voil\u00e0 un autre joueur de premi\u00e8re-ligne dont l\u2019avenir s\u2019annonce radieux. L\u2019an pass\u00e9, le Stade Toulousain a souvent su faire la diff\u00e9rence lors des secondes p\u00e9riodes des doublons, sous l\u2019impulsion de Bertrand, Lacombre et Hawkes. Benjamin Bertrand, jeune pilier gauche de 22 ans, semble promis \u00e0 un grand avenir. A un poste o\u00f9 Cyril Baille prend de l\u2019\u00e2ge et sort d\u2019une saison moins aboutie, son successeur semble tout trouv\u00e9. Comme son a\u00een\u00e9, Bertrand dispose de qualit\u00e9s techniques largement au-dessus de la moyenne et peut s\u2019appuyer sur une vitesse peu commune.<\/p>\n<p>Simon Daroque \u2013 demi de m\u00eal\u00e9e<\/p>\n<p>Comme Thomas Lacombre, il a su profiter des blessures des uns pour se faire une place. Le jeune international U20 s\u2019est illustr\u00e9 en fin de saison, lorsqu\u2019Antoine Dupont ou Naoto Saito manquait \u00e0 l\u2019appel. Auteur d\u2019une rencontre de grande qualit\u00e9 face \u00e0 Castres au Stadium, Simon Daroque a montr\u00e9 qu\u2019il pouvait d\u00e9j\u00e0 \u00e9voluer \u00e0 ce niveau. Toujours pr\u00eats \u00e0 prendre des initiatives, ce grand talent devrait avoir l\u2019occasion de se montrer en d\u00e9but de saison en attendant le retour fin novembre de son capitaine.<\/p>\n<p><img loading=\"lazy\" decoding=\"async\" class=\"size-thumbnail wp-image-13658\" src=\"https:\/\/www.europesays.com\/fr\/wp-content\/uploads\/2025\/08\/ICONSPORT_258590_0197-500x267.jpg\" alt=\"\" width=\"500\" height=\"267\"\/> Simon Daroque<\/p>\n<p>Kalvin Gourgues \u2013 centre, ailier ou arri\u00e8re<\/p>\n<p>Il aurait d\u00e9j\u00e0 d\u00fb avoir point\u00e9 le bout de son nez. Consid\u00e9r\u00e9 depuis plusieurs ann\u00e9es comme l\u2019un des plus grands talents de la formation toulousaine, Kalvin Gourgues a connu ses premiers matchs en 2023 avant de vivre une saison quasi blanche l\u2019an pass\u00e9. G\u00ean\u00e9 par des blessures, celui qui peut \u00e9voluer au centre, \u00e0 l\u2019aile ou \u00e0 l\u2019arri\u00e8re a failli manquer la Coupe du monde U20 avant de b\u00e9n\u00e9ficier du forfait de Fabien Brau-Boirie pour int\u00e9grer le groupe. Brillant lors de ce tournoi, il a rappel\u00e9 \u00e0 tout le monde ses qualit\u00e9s exceptionnelles. S\u2019il est \u00e9pargn\u00e9 par les blessures, nul doute qu\u2019il devrait se voir donner du temps de jeu avec le Stade Toulousain<\/p>\n<p><img loading=\"lazy\" decoding=\"async\" class=\"size-thumbnail wp-image-13656\" src=\"https:\/\/www.europesays.com\/fr\/wp-content\/uploads\/2025\/08\/ICONSPORT_237483_0196-500x267.jpg\" alt=\"\" width=\"500\" height=\"267\"\/> Kalvin Gourgues<\/p>\n<p>Paul Mallez \u2013 pilier droit ou gauche<\/p>\n<p>Le Stade Toulousain ne s\u2019attendait sans doute pas \u00e0 r\u00e9cup\u00e9rer un troisi\u00e8me international fran\u00e7ais lors de l\u2019intersaison. En plus de Georges-Henri Colombe et Teddy Thomas, d\u00e9barqu\u00e9s en provenance de La Rochelle, le club rouge et noir va pouvoir compter sur Paul Mallez. Pr\u00eat\u00e9 depuis deux saisons \u00e0 Provence Rugby, celui qui \u00e9volue \u00e0 droite comme \u00e0 gauche de la m\u00eal\u00e9e a convaincu le staff de Fabien Galthi\u00e9 de l\u2019emmener en Nouvelle-Z\u00e9lande. Auteurs de plusieurs entr\u00e9es int\u00e9ressantes, Paul Mallez a d\u00e9couvert le niveau international et aura une belle carte \u00e0 jouer dans deux postes faisant partie des moins fournis au Stade Toulousain. S\u2019il confirme, il pourrait devenir la belle surprise de la saison.<\/p>\n<p><img loading=\"lazy\" decoding=\"async\" class=\"size-thumbnail wp-image-13653\" src=\"https:\/\/www.europesays.com\/fr\/wp-content\/uploads\/2025\/08\/ICONSPORT_264308_0068-1-500x267.jpg\" alt=\"\" width=\"500\" height=\"267\"\/> Paul Mallez<\/p>\n<p>Partagez cette info avec vos amis et vos proches en cliquant ici<br \/>Pour r\u00e9sumer<\/p>\n<p>Le Stade Toulousain peut s\u2019appuyer sur de nombreux jeunes talents au sein de son effectif. L\u2019an prochain, plusieurs joueurs pourraient ainsi s\u2019illustrer et se faire une place parmi les meilleurs \u00e0 l&rsquo;issue de cette saison.<\/p>\n<p> <img decoding=\"async\" width=\"76\" height=\"76\" loading=\"lazy\" src=\"https:\/\/www.europesays.com\/fr\/wp-content\/uploads\/2025\/04\/avatar-quinze.png\" alt=\"Arnaud D\u00e9chelotte\"\/><\/p>\n","protected":false},"excerpt":{"rendered":"Le Stade Toulousain va aborder la saison 2025\/2026 avec app\u00e9tit. Au terme d\u2019un exercice o\u00f9 ils auront connu&hellip;\n","protected":false},"author":2,"featured_media":290117,"comment_status":"","ping_status":"","sticky":false,"template":"","format":"standard","meta":{"footnotes":""},"categories":[1416],"tags":[1011,27,479,1468,60],"class_list":{"0":"post-290116","1":"post","2":"type-post","3":"status-publish","4":"format-standard","5":"has-post-thumbnail","7":"category-rugby","8":"tag-fr","9":"tag-france","10":"tag-rugby","11":"tag-rugby-football","12":"tag-sports"},"share_on_mastodon":{"url":"https:\/\/pubeurope.com\/@fr\/114956128439409203","error":""},"_links":{"self":[{"href":"https:\/\/www.europesays.com\/fr\/wp-json\/wp\/v2\/posts\/290116","targetHints":{"allow":["GET"]}}],"collection":[{"href":"https:\/\/www.europesays.com\/fr\/wp-json\/wp\/v2\/posts"}],"about":[{"href":"https:\/\/www.europesays.com\/fr\/wp-json\/wp\/v2\/types\/post"}],"author":[{"embeddable":true,"href":"https:\/\/www.europesays.com\/fr\/wp-json\/wp\/v2\/users\/2"}],"replies":[{"embeddable":true,"href":"https:\/\/www.europesays.com\/fr\/wp-json\/wp\/v2\/comments?post=290116"}],"version-history":[{"count":0,"href":"https:\/\/www.europesays.com\/fr\/wp-json\/wp\/v2\/posts\/290116\/revisions"}],"wp:featuredmedia":[{"embeddable":true,"href":"https:\/\/www.europesays.com\/fr\/wp-json\/wp\/v2\/media\/290117"}],"wp:attachment":[{"href":"https:\/\/www.europesays.com\/fr\/wp-json\/wp\/v2\/media?parent=290116"}],"wp:term":[{"taxonomy":"category","embeddable":true,"href":"https:\/\/www.europesays.com\/fr\/wp-json\/wp\/v2\/categories?post=290116"},{"taxonomy":"post_tag","embeddable":true,"href":"https:\/\/www.europesays.com\/fr\/wp-json\/wp\/v2\/tags?post=290116"}],"curies":[{"name":"wp","href":"https:\/\/api.w.org\/{rel}","templated":true}]}}