{"id":290120,"date":"2025-08-01T23:36:24","date_gmt":"2025-08-01T23:36:24","guid":{"rendered":"https:\/\/www.europesays.com\/fr\/290120\/"},"modified":"2025-08-01T23:36:24","modified_gmt":"2025-08-01T23:36:24","slug":"motogp-people-le-casque-geant-de-valentino-rossi-au-coeur-dune-enquete-politico-judiciaire","status":"publish","type":"post","link":"https:\/\/www.europesays.com\/fr\/290120\/","title":{"rendered":"MotoGP, People : le casque g\u00e9ant de Valentino Rossi au c\u0153ur d\u2019une enqu\u00eate politico-judiciaire"},"content":{"rendered":"<p><strong>Ce qui devait \u00eatre un hommage grandiose au \u00ab Docteur \u00bb<br \/>\nValentino Rossi s\u2019est transform\u00e9 en affaire d\u2019\u00c9tat. \u00c0 Pesaro, une<br \/>\nsculpture monumentale repr\u00e9sentant un casque g\u00e9ant de six m\u00e8tres de<br \/>\nhaut et pesant 400 kilos, initialement con\u00e7ue pour saluer la<br \/>\nl\u00e9gende italienne du MotoGP, est d\u00e9sormais au centre d\u2019une temp\u00eate<br \/>\njudiciaire et politique. L\u2019\u0153uvre, financ\u00e9e par des fonds publics,<br \/>\nest aujourd\u2019hui le symbole d\u2019une enqu\u00eate qui secoue la r\u00e9gion des<br \/>\nMarches \u00e0 l\u2019approche des \u00e9lections.<\/strong><\/p>\n<p>Baptis\u00e9e \u00ab Affidopoli \u00bb, l\u2019enqu\u00eate du parquet vise Matteo Ricci,<br \/>\nancien maire de Pesaro et actuel candidat \u00e0 la pr\u00e9sidence de la<br \/>\nr\u00e9gion pour le Parti d\u00e9mocrate. Il est soup\u00e7onn\u00e9 de corruption et<br \/>\nde falsification de documents publics. L\u2019objet du d\u00e9lit pr\u00e9sum\u00e9 ?<br \/>\nUne s\u00e9rie d\u2019attributions jug\u00e9es irr\u00e9guli\u00e8res pour un total de plus<br \/>\nde <strong>600 000<\/strong> euros destin\u00e9s \u00e0 des associations<br \/>\nculturelles, dont le fameux contrat de <strong>53 802 euros pour<br \/>\n<a href=\"https:\/\/www.paddock-gp.com\/people-motogp-le-plus-grand-casque-du-monde-pour-valentino-rossi-a-pesaro\/\" rel=\"nofollow noopener\" target=\"_blank\"><br \/>\nle casque<\/a> de Rossi<\/strong>, attribu\u00e9 sans appel d\u2019offres,<br \/>\nofficiellement sous le couvert de l\u2019entretien extraordinaire des<br \/>\nespaces verts.<\/p>\n<p>Le parquet soup\u00e7onne une op\u00e9ration d\u00e9guis\u00e9e, masquant des<br \/>\ntransferts de fonds \u00e0 des structures proches du pouvoir municipal<br \/>\nsous pr\u00e9texte d\u2019am\u00e9nagement urbain. Les enqu\u00eateurs s\u2019int\u00e9ressent de<br \/>\npr\u00e8s aux liens entre Ricci et les b\u00e9n\u00e9ficiaires de ces subventions,<br \/>\nnotamment Stefano Esposto, pr\u00e9sident de l\u2019association culturelle en<br \/>\nquestion, Massimiliano Santini, coordinateur de la campagne<br \/>\n\u00e9lectorale actuelle de Ricci, et Franco Arceci, ancien directeur de<br \/>\ncabinet.<\/p>\n<p><img loading=\"lazy\" decoding=\"async\" class=\"aligncenter\" src=\"https:\/\/www.europesays.com\/fr\/wp-content\/uploads\/2025\/08\/vale-casco.jpg\" width=\"860\" height=\"450\"\/><\/p>\n<p><strong>Valentino Rossi symbole<br \/>\nmalgr\u00e9 lui<\/strong><\/p>\n<p>Face \u00e0 l\u2019ampleur des soup\u00e7ons, Ricci a publi\u00e9 une vid\u00e9o pour<br \/>\nd\u00e9noncer ce qu\u2019il qualifie d\u2019attaque politique : \u00ab je suis<br \/>\nsurpris, amer et en col\u00e8re. Je n\u2019ai jamais g\u00e9r\u00e9 les appels d\u2019offres<br \/>\nni sign\u00e9 ces contrats. <strong>Si un partenaire commet une erreur,<br \/>\nle maire en est la victime, pas le complice<\/strong>. \u00bb<\/p>\n<p>Le choc politique est imm\u00e9diat. Le Mouvement 5 \u00c9toiles,<br \/>\njusque-l\u00e0 alli\u00e9 strat\u00e9gique du Parti d\u00e9mocrate pour les r\u00e9gionales,<br \/>\na suspendu le pacte \u00e9lectoral. Giuseppe Conte, son leader, demande<br \/>\nune clarification imm\u00e9diate :\u00ab si ces faits sont av\u00e9r\u00e9s, ils<br \/>\nsont incompatibles avec nos principes. \u00bb<\/p>\n<p>Cette rupture compromet s\u00e9rieusement l\u2019union de la gauche contre<br \/>\nFrancesco Acquaroli, le gouverneur sortant d\u2019extr\u00eame droite.<\/p>\n<p>Mais l\u2019affaire ne s\u2019arr\u00eate pas l\u00e0. Le parquet a \u00e9largi le champ<br \/>\nde l\u2019enqu\u00eate \u00e0 d\u2019autres projets, dont des peintures murales, des<br \/>\npassages souterrains r\u00e9nov\u00e9s et des travaux routiers, ainsi qu\u2019\u00e0 la<br \/>\nFondation Pescheria et l\u2019entreprise publique Aspes. Ce qui \u00e9tait \u00e0<br \/>\nl\u2019origine un geste artistique pour c\u00e9l\u00e9brer une ic\u00f4ne nationale<br \/>\ndevient peu \u00e0 peu le r\u00e9v\u00e9lateur d\u2019une gestion opaque des deniers<br \/>\npublics.<\/p>\n<p>La statue de <strong>Valentino Rossi<\/strong>, symbole de<br \/>\nvitesse et de passion italienne, tr\u00f4ne d\u00e9sormais au milieu d\u2019un<br \/>\nscandale qui n\u2019a rien \u00e0 voir avec la course. \u00c0 <a href=\"https:\/\/www.paddock-gp.com\/motogp-quand-valentino-rossi-inspire-la-f1-kimi-antonelli-un-protege-inattendu\/\" rel=\"nofollow noopener\" target=\"_blank\"><br \/>\n<strong>Pesaro<\/strong><\/a>, l\u2019art a crois\u00e9 la politique\u2026 et les<br \/>\ntribunaux pourraient bien \u00eatre la <a href=\"https:\/\/www.motogp.com\/en\" rel=\"nofollow noopener\" target=\"_blank\">ligne d\u2019arriv\u00e9e<\/a>.<\/p>\n<p><img decoding=\"async\" class=\"aligncenter\" src=\"https:\/\/www.europesays.com\/fr\/wp-content\/uploads\/2025\/08\/Nouveau-projet-1-768x512.jpg\"\/><\/p>\n<p>\u00a0<\/p>\n","protected":false},"excerpt":{"rendered":"Ce qui devait \u00eatre un hommage grandiose au \u00ab Docteur \u00bb Valentino Rossi s\u2019est transform\u00e9 en affaire d\u2019\u00c9tat.&hellip;\n","protected":false},"author":2,"featured_media":290121,"comment_status":"","ping_status":"","sticky":false,"template":"","format":"standard","meta":{"footnotes":""},"categories":[1413],"tags":[1011,27,1457,1456,60],"class_list":{"0":"post-290120","1":"post","2":"type-post","3":"status-publish","4":"format-standard","5":"has-post-thumbnail","7":"category-moto","8":"tag-fr","9":"tag-france","10":"tag-moto","11":"tag-motocycle","12":"tag-sports"},"share_on_mastodon":{"url":"https:\/\/pubeurope.com\/@fr\/114956139733922563","error":""},"_links":{"self":[{"href":"https:\/\/www.europesays.com\/fr\/wp-json\/wp\/v2\/posts\/290120","targetHints":{"allow":["GET"]}}],"collection":[{"href":"https:\/\/www.europesays.com\/fr\/wp-json\/wp\/v2\/posts"}],"about":[{"href":"https:\/\/www.europesays.com\/fr\/wp-json\/wp\/v2\/types\/post"}],"author":[{"embeddable":true,"href":"https:\/\/www.europesays.com\/fr\/wp-json\/wp\/v2\/users\/2"}],"replies":[{"embeddable":true,"href":"https:\/\/www.europesays.com\/fr\/wp-json\/wp\/v2\/comments?post=290120"}],"version-history":[{"count":0,"href":"https:\/\/www.europesays.com\/fr\/wp-json\/wp\/v2\/posts\/290120\/revisions"}],"wp:featuredmedia":[{"embeddable":true,"href":"https:\/\/www.europesays.com\/fr\/wp-json\/wp\/v2\/media\/290121"}],"wp:attachment":[{"href":"https:\/\/www.europesays.com\/fr\/wp-json\/wp\/v2\/media?parent=290120"}],"wp:term":[{"taxonomy":"category","embeddable":true,"href":"https:\/\/www.europesays.com\/fr\/wp-json\/wp\/v2\/categories?post=290120"},{"taxonomy":"post_tag","embeddable":true,"href":"https:\/\/www.europesays.com\/fr\/wp-json\/wp\/v2\/tags?post=290120"}],"curies":[{"name":"wp","href":"https:\/\/api.w.org\/{rel}","templated":true}]}}