{"id":290124,"date":"2025-08-01T23:38:13","date_gmt":"2025-08-01T23:38:13","guid":{"rendered":"https:\/\/www.europesays.com\/fr\/290124\/"},"modified":"2025-08-01T23:38:13","modified_gmt":"2025-08-01T23:38:13","slug":"tdf-tour-de-france-femmes-6","status":"publish","type":"post","link":"https:\/\/www.europesays.com\/fr\/290124\/","title":{"rendered":"TDF. Tour de France Femmes"},"content":{"rendered":"<p>Pr\u00e9sente dans l&rsquo;\u00e9chapp\u00e9e matinale sur cette 7e \u00e9tape du <strong><a href=\"https:\/\/www.cyclismactu.net\/..\/news-tdf-route-tour-de-france-femmes-maeva-squiban-encore-sur-7e-etape-court-ne-rompt-pas-89393.html\" target=\"_blank\" rel=\"nofollow noopener\">Tour de France Femmes avec Zwift<\/a><\/strong>, <strong>Lotte Kopecky<\/strong> (Team SD Worx-ProTime) n&rsquo;a pas pu emp\u00eacher le num\u00e9ro de <strong>Maeva Squiban<\/strong> (UAE Team ADQ), qui, pour rappel, a remport\u00e9 pour la deuxi\u00e8me fois cons\u00e9cutive une \u00e9tape sur cette Grande Boucle. La championne du monde n&rsquo;est pas \u00e0 son niveau sur ce <strong>Tour Femmes<\/strong> mais s&rsquo;est rassur\u00e9e sur son \u00e9tat de forme \u00e0 l&rsquo;issue de cette \u00e9tape, comme elle l&rsquo;a expliqu\u00e9 \u00e0 nos confr\u00e8res de <a href=\"https:\/\/www.wielerflits.nl\/nieuws\/wereldkampioene-lotte-kopecky-aan-de-betere-hand-morgen-wordt-de-dag-van-de-waarheid\/\" target=\"_blank\" rel=\"nofollow noopener\">WielerFlits<\/a> \u00e0 l&rsquo;arriv\u00e9e.<\/p>\n<p>Vid\u00e9o &#8211; C&rsquo;est bien Maeva Squiban qui a remport\u00e9 cette 7e \u00e9tape ! Lire la suite de l&rsquo;article&#13;<\/p>\n<p>\u00a0<\/p>\n<p>&#13;<br \/>\n<strong>\u00ab\u00a0Demain sera le jour de v\u00e9rit\u00e9&#8230;\u00a0\u00bb<\/strong>&#13;<\/p>\n<p>\u00ab\u00a0Globalement, je suis satisfaite\u00a0\u00bb, d\u00e9clare la championne du monde. \u00ab\u00a0C&rsquo;\u00e9tait une vraie bataille pour rejoindre l&rsquo;\u00e9chapp\u00e9e aujourd&rsquo;hui. Dans la derni\u00e8re mont\u00e9e, on se regardait trop. Finalement, j&rsquo;ai \u00e9t\u00e9 reprise par les favorites \u00e0 deux kilom\u00e8tres du sommet\u00a0\u00bb, explique-t-elle. \u00ab\u00a0Je n&rsquo;ai pas r\u00e9ussi \u00e0 rejoindre la ligne dans le dernier kilom\u00e8tre, mais j&rsquo;ai pu la rejoindre dans la descente. J&rsquo;avais le sentiment qu&rsquo;il y avait une marge de progression aujourd&rsquo;hui, mais c&rsquo;\u00e9tait aussi une bonne chose. C&rsquo;est vraiment bien d&rsquo;aborder les choses diff\u00e9remment. Les choses se passent bien au sein de l&rsquo;\u00e9quipe aussi. Anna van der Breggen est en pleine forme en ce moment, c&rsquo;est formidable. Mais demain sera le jour de v\u00e9rit\u00e9\u00a0\u00bb, conclut <strong>Lotte Kopecky<\/strong>, au micro de WielerFlits \u00e0 l&rsquo;arriv\u00e9e de cette 7e \u00e9tape.<\/p>\n<p>Tour de France Femmes avec Zwift &#8211; Classement de la 7\u00e8 \u00e9tape Tour de France Femmes avec Zwift &#8211; Classement g\u00e9n\u00e9ral provisoire apr\u00e8s la 7\u00e8 \u00e9tape<\/p>\n","protected":false},"excerpt":{"rendered":"Pr\u00e9sente dans l&rsquo;\u00e9chapp\u00e9e matinale sur cette 7e \u00e9tape du Tour de France Femmes avec Zwift, Lotte Kopecky (Team&hellip;\n","protected":false},"author":2,"featured_media":290125,"comment_status":"","ping_status":"","sticky":false,"template":"","format":"standard","meta":{"footnotes":""},"categories":[1411],"tags":[1154,207,211,1011,27,209,60,210,11098,212,208,213],"class_list":{"0":"post-290124","1":"post","2":"type-post","3":"status-publish","4":"format-standard","5":"has-post-thumbnail","7":"category-cyclisme","8":"tag-cycling","9":"tag-cyclisme","10":"tag-ffc","11":"tag-fr","12":"tag-france","13":"tag-route","14":"tag-sports","15":"tag-tour-de-france","16":"tag-tour-de-france-femmes","17":"tag-uci","18":"tag-velo","19":"tag-world-tour"},"share_on_mastodon":{"url":"https:\/\/pubeurope.com\/@fr\/114956147301980377","error":""},"_links":{"self":[{"href":"https:\/\/www.europesays.com\/fr\/wp-json\/wp\/v2\/posts\/290124","targetHints":{"allow":["GET"]}}],"collection":[{"href":"https:\/\/www.europesays.com\/fr\/wp-json\/wp\/v2\/posts"}],"about":[{"href":"https:\/\/www.europesays.com\/fr\/wp-json\/wp\/v2\/types\/post"}],"author":[{"embeddable":true,"href":"https:\/\/www.europesays.com\/fr\/wp-json\/wp\/v2\/users\/2"}],"replies":[{"embeddable":true,"href":"https:\/\/www.europesays.com\/fr\/wp-json\/wp\/v2\/comments?post=290124"}],"version-history":[{"count":0,"href":"https:\/\/www.europesays.com\/fr\/wp-json\/wp\/v2\/posts\/290124\/revisions"}],"wp:featuredmedia":[{"embeddable":true,"href":"https:\/\/www.europesays.com\/fr\/wp-json\/wp\/v2\/media\/290125"}],"wp:attachment":[{"href":"https:\/\/www.europesays.com\/fr\/wp-json\/wp\/v2\/media?parent=290124"}],"wp:term":[{"taxonomy":"category","embeddable":true,"href":"https:\/\/www.europesays.com\/fr\/wp-json\/wp\/v2\/categories?post=290124"},{"taxonomy":"post_tag","embeddable":true,"href":"https:\/\/www.europesays.com\/fr\/wp-json\/wp\/v2\/tags?post=290124"}],"curies":[{"name":"wp","href":"https:\/\/api.w.org\/{rel}","templated":true}]}}