{"id":290126,"date":"2025-08-01T23:39:12","date_gmt":"2025-08-01T23:39:12","guid":{"rendered":"https:\/\/www.europesays.com\/fr\/290126\/"},"modified":"2025-08-01T23:39:12","modified_gmt":"2025-08-01T23:39:12","slug":"mercato-un-cador-anglais-chamboule-les-plans-de-lom-pour-joel-ordonez","status":"publish","type":"post","link":"https:\/\/www.europesays.com\/fr\/290126\/","title":{"rendered":"Mercato, un cador anglais chamboule les plans de l&rsquo;OM pour Jo\u00ebl Ordonez"},"content":{"rendered":"<p data-testid=\"article-teaser\">Un grand club de Premier League veut tout g\u00e2cher dans le dossier Jo\u00ebl Ordonez, pressenti \u00e0 l\u2019OM cet \u00e9t\u00e9.<\/p>\n<p>Alors que l\u2019Olympique de Marseille pensait avoir boucl\u00e9 un nouveau dossier majeur, un retournement de situation inattendu pourrait bien rebattre les cartes dans les derni\u00e8res heures. Jo\u00ebl Ordonez avait pourtant donn\u00e9 son feu vert pour rallier la Provence. Mais une offensive de derni\u00e8re minute venue d\u2019outre-Manche pourrait faire vaciller la strat\u00e9gie du board marseillais. Rien n\u2019est encore fait, mais la prudence est de mise.<\/p>\n","protected":false},"excerpt":{"rendered":"Un grand club de Premier League veut tout g\u00e2cher dans le dossier Jo\u00ebl Ordonez, pressenti \u00e0 l\u2019OM cet&hellip;\n","protected":false},"author":2,"featured_media":290127,"comment_status":"","ping_status":"","sticky":false,"template":"","format":"standard","meta":{"footnotes":""},"categories":[1410],"tags":[41563,42911,22910,63,1011,27,42912,41561,66,3490,15383,884,70,42913,42914,60],"class_list":{"0":"post-290126","1":"post","2":"type-post","3":"status-publish","4":"format-standard","5":"has-post-thumbnail","7":"category-football","8":"tag-club-friendlies","9":"tag-danubio","10":"tag-fc-seville","11":"tag-football","12":"tag-fr","13":"tag-france","14":"tag-j-ordonez","15":"tag-jeux-damitie-des-clubs","16":"tag-ligue-1","17":"tag-liverpool","18":"tag-liverpool-fc","19":"tag-marseille","20":"tag-premier-league","21":"tag-primera-division","22":"tag-sevilla","23":"tag-sports"},"share_on_mastodon":{"url":"https:\/\/pubeurope.com\/@fr\/114956151382415669","error":""},"_links":{"self":[{"href":"https:\/\/www.europesays.com\/fr\/wp-json\/wp\/v2\/posts\/290126","targetHints":{"allow":["GET"]}}],"collection":[{"href":"https:\/\/www.europesays.com\/fr\/wp-json\/wp\/v2\/posts"}],"about":[{"href":"https:\/\/www.europesays.com\/fr\/wp-json\/wp\/v2\/types\/post"}],"author":[{"embeddable":true,"href":"https:\/\/www.europesays.com\/fr\/wp-json\/wp\/v2\/users\/2"}],"replies":[{"embeddable":true,"href":"https:\/\/www.europesays.com\/fr\/wp-json\/wp\/v2\/comments?post=290126"}],"version-history":[{"count":0,"href":"https:\/\/www.europesays.com\/fr\/wp-json\/wp\/v2\/posts\/290126\/revisions"}],"wp:featuredmedia":[{"embeddable":true,"href":"https:\/\/www.europesays.com\/fr\/wp-json\/wp\/v2\/media\/290127"}],"wp:attachment":[{"href":"https:\/\/www.europesays.com\/fr\/wp-json\/wp\/v2\/media?parent=290126"}],"wp:term":[{"taxonomy":"category","embeddable":true,"href":"https:\/\/www.europesays.com\/fr\/wp-json\/wp\/v2\/categories?post=290126"},{"taxonomy":"post_tag","embeddable":true,"href":"https:\/\/www.europesays.com\/fr\/wp-json\/wp\/v2\/tags?post=290126"}],"curies":[{"name":"wp","href":"https:\/\/api.w.org\/{rel}","templated":true}]}}