{"id":290130,"date":"2025-08-01T23:41:16","date_gmt":"2025-08-01T23:41:16","guid":{"rendered":"https:\/\/www.europesays.com\/fr\/290130\/"},"modified":"2025-08-01T23:41:16","modified_gmt":"2025-08-01T23:41:16","slug":"je-me-suis-pris-au-jeu","status":"publish","type":"post","link":"https:\/\/www.europesays.com\/fr\/290130\/","title":{"rendered":"Je me suis pris au jeu"},"content":{"rendered":"<p>            Par<br \/>\n        <strong><br \/>\n            <a href=\"https:\/\/actu.fr\/auteur\/monique-2\" title=\"Consulter tous les articles de Monique Henriet\" rel=\"nofollow noopener\" target=\"_blank\">Monique Henriet<\/a><br \/>\n        <\/strong><\/p>\n<p>        Publi\u00e9 le<\/p>\n<p>            1 ao\u00fbt 2025 \u00e0 12h51        <\/p>\n<p>\u00ab\u00a0Mon secret ? Il faut toujours avoir quelque chose \u00e0 faire !\u00a0\u00bb, lance <b>Pierre Javaux<\/b>, 82 ans, assis sur des cartons \u00e0 m\u00eame le sol, <b>pinceaux<\/b> \u00e0 la main, au pied de la fresque qu\u2019il r\u00e9alise \u00e0 <a href=\"https:\/\/actu.fr\/bourgogne-franche-comte\/champagnole_39097\" rel=\"nofollow noopener\" target=\"_blank\">Champagnole<\/a> dans la ruelle des boucheries (en face de la mairie) qui m\u00e8ne aux promenades des bords de l\u2019Ain. Depuis le d\u00e9but du mois de <b>juin 2025<\/b> en effet, il est <b>charcutier<\/b> le matin et <b>peintre<\/b> l\u2019apr\u00e8s-midi. Rencontre avec l\u2019artiste.\u00a0<\/p>\n<p class=\" wall-content\">\u00ab\u00a0Je suis n\u00e9 ici et cela fait <b>plus de 80 ans<\/b> que je vois ce mur triste et sale. Il y a longtemps que j\u2019avais dans l\u2019id\u00e9e de faire quelque chose, pour que \u00e7a compl\u00e8te ce qui a \u00e9t\u00e9 fait sur la fa\u00e7ade de notre mur en face, mais <b>le temps m\u2019a manqu\u00e9<\/b>. J\u2019ai profit\u00e9 que j\u2019\u00e9tais <b>en vacances<\/b>, du fait que le magasin \u00e9tait ferm\u00e9 pendant trois semaines, pour me lancer dans le projet\u00a0\u00bb, ajoute-t-il avec un sourire amus\u00e9.<\/p>\n<p>Pas un retrait\u00e9 comme les autres<\/p>\n<p class=\" wall-content\">Il faut dire que l\u2019alerte octog\u00e9naire n\u2019est pas un retrait\u00e9 comme les autres. En effet, chaque matin, il continue de travailler au laboratoire de la charcuterie familiale, le c\u00e9l\u00e8bre <b>Relais du fum\u00e9, <\/b>situ\u00e9<b> avenue de la R\u00e9publique<\/b>, o\u00f9 il s\u2019occupe notamment de la salaison.\u00a0<\/p>\n<p class=\" wall-content\"><a href=\"https:\/\/www.tiktok.com\/@voixdujura\/video\/7533553556545211670?refer=embed\" rel=\"nofollow noopener\" target=\"_blank\">Rappelons qu\u2019avoir pris la suite<\/a> de ses parents, <b>Raymond et Augusta Javaux<\/b> dans les ann\u00e9es 70-75 \u00e0 la t\u00eate du commerce, <b>Pierre Javaux<\/b> et son \u00e9pouse <b>Th\u00e9r\u00e8se <\/b>sont rest\u00e9s aux c\u00f4t\u00e9s de leur fille Edwige et de son mari lorsqu\u2019ils ont \u00e0 leur tour pris le relais \u00e0 la t\u00eate de l\u2019entreprise familiale en 2005.\u00a0<\/p>\n<p>Vid\u00e9os : en ce moment sur ActuUn vaste chantier r\u00e9alis\u00e9 tout seul<\/p>\n<p class=\" wall-content\">\u00ab\u00a0Pour lancer mon projet, j\u2019ai demand\u00e9 \u00e0 la veuve du propri\u00e9taire de la maison pour savoir si elle m\u2019autorisait \u00e0 faire une<b> petite fresque <\/b>sur ce mur Au d\u00e9part, je pensais peindre deux-trois silhouettes en ombre chinoise\u00a0\u00bb, explique<b> Pierre Javaux<\/b> qui s\u2019est alors lanc\u00e9, tout seul, dans un chantier bien plus vaste que pr\u00e9vu au d\u00e9part.\u00a0<\/p>\n<blockquote class=\"tiktok-embed\" cite=\"https:\/\/www.tiktok.com\/@voixdujura\/video\/7533553556545211670\" data-video-id=\"7533553556545211670\" data-embed-from=\"oembed\" style=\"max-width:605px; min-width:325px;\"><p>\n<a target=\"_blank\" title=\"@voixdujura\" href=\"https:\/\/www.tiktok.com\/@voixdujura?refer=embed\" rel=\"nofollow noopener\">@voixdujura<\/a> <\/p>\n<p>Ils ont du talent ces Jurassiens \u2728 <a title=\"jura\" target=\"_blank\" href=\"https:\/\/www.tiktok.com\/tag\/jura?refer=embed\" rel=\"nofollow noopener\">#jura<\/a> <a title=\"pourtoi\" target=\"_blank\" href=\"https:\/\/www.tiktok.com\/tag\/pourtoi?refer=embed\" rel=\"nofollow noopener\">#pourtoi<\/a> <a title=\"foryou\" target=\"_blank\" href=\"https:\/\/www.tiktok.com\/tag\/foryou?refer=embed\" rel=\"nofollow noopener\">#foryou<\/a> <a title=\"fyp\" target=\"_blank\" href=\"https:\/\/www.tiktok.com\/tag\/fyp?refer=embed\" rel=\"nofollow noopener\">#fyp<\/a> <\/p>\n<p> <a target=\"_blank\" title=\"\u266c son original - Voix du Jura\" href=\"https:\/\/www.tiktok.com\/music\/son-original-7533553553497164566?refer=embed\" rel=\"nofollow noopener\">\u266c son original \u2013 Voix du Jura<\/a> <\/p>\n<\/blockquote>\n<p class=\" wall-content\">Cela a commenc\u00e9 par un <b>gros travail de nettoyage de la fa\u00e7ade sur une surface d\u2019environ 150 m2<\/b> et la pose d\u2019une premi\u00e8re, puis d\u2019une deuxi\u00e8me couche de peinture. \u00ab\u00a0Pour le choix des couleurs, j\u2019ai demand\u00e9 \u00e0 ma fille qui a fait les <b>Beaux-Arts<\/b>. C\u2019est elle qui m\u2019a conseill\u00e9 les trois couleurs principales. Et puis, sans faire de croquis, je me suis lanc\u00e9\u00a0\u00bb.\u00a0<\/p>\n<p>    <img   decoding=\"async\" loading=\"lazy\" class=\"size-large\" src=\"https:\/\/www.europesays.com\/fr\/wp-content\/uploads\/2025\/08\/5d5ca3968c886926ca3968c88866cav-960x640.jpg\" alt=\"La fresque agr\u00e9mente la ruelle des boucheries qui m\u00e8ne sur les bords de l'Ain.\" width=\"960\" height=\"640\"\/><br \/>\n    La fresque agr\u00e9mente la ruelle des boucheries qui m\u00e8ne sur les bords de l\u2019Ain. \u00a9Monique Henriet<\/p>\n<p class=\" wall-content\">Et, de ce qui devait \u00eatre \u00ab\u00a0<b>deux ou trois silhouettes en ombres chinoises<\/b>\u00ab\u00a0, ce sont en fait plusieurs esp\u00e8ces d\u2019animaux des for\u00eats jurassiennes qui ont pris forme sous ses pinceaux : <b>aigle royal<\/b>, <b>milan<\/b>, <b>sangliers<\/b>, <b>chevreuils<\/b>, <b>faon<\/b>, <b>t\u00e9tras<\/b>, <b>lapins, papillon, colombe de la paix<\/b>\u2026 \u00ab\u00a0Les animaux \u00e7a parle \u00e0 tout le monde\u00a0\u00bb.<\/p>\n<p class=\" wall-content\">\u00ab\u00a0Je ne pensais pas \u00eatre capable de faire une telle fresque. J\u2019ai toujours fait des travaux ; notamment de la ma\u00e7onnerie lorsqu\u2019il a \u00e9t\u00e9 question d\u2019agrandir le magasin ; j\u2019\u00e9tais autant <b>ma\u00e7on<\/b> que <b>charcutier.<\/b> Quant \u00e0 la peinture, je m\u2019y \u00e9tais int\u00e9ress\u00e9 il y a quelques ann\u00e9es, mais cela ne m\u2019avait ennuy\u00e9. Cette fois, je me suis vraiment pris au jeu. Je modifie, j\u2019ajoute des \u00e9l\u00e9ments, des touches de couleur\u2026\u00a0\u00bb, raconte-t-il amus\u00e9.\u00a0<\/p>\n<p>    <img   decoding=\"async\" loading=\"lazy\" class=\"size-large\" src=\"https:\/\/www.europesays.com\/fr\/wp-content\/uploads\/2025\/08\/19eb6fd78c8861deb6fd78c8801fb6v-960x640.jpg\" alt=\"La fresque se prolonge sur le retour du mur en bas de la ruelle.\" width=\"960\" height=\"640\"\/><br \/>\n    La fresque se prolonge sur le retour du mur en bas de la ruelle. \u00a9Monique Henriet<\/p>\n<p class=\" wall-content\">Et ce qui le touche le plus, ce sont les r\u00e9actions des passants : \u00ab\u00a0<b>Bravo ! Merci Monsieur pour cette belle r\u00e9alisation ! F\u00e9licitations<\/b> !\u2026.\u00a0\u00bb. Les commentaires ne manquent pas.\u00a0<\/p>\n<p>\u00ab\u00a0Quand je vois les gamins qui me disent que c\u2019est beau : c\u2019est que du bonheur !\u00a0\u00bbPierre Javaux, charcutier et peintre.<\/p>\n<p class=\" wall-content\">En compl\u00e9ment de cette fresque qui se poursuit sur le petit retour de la maison, Pierre Javaux a \u00e9galement indiqu\u00e9 au sol, la direction des bords de l\u2019Ain \u00e0 un peu plus de 100 m\u00e8tres.<\/p>\n<p>    <img   decoding=\"async\" loading=\"lazy\" class=\"size-large\" src=\"https:\/\/www.europesays.com\/fr\/wp-content\/uploads\/2025\/08\/c1f78d539c88616f78d539c880af78v-960x640.jpg\" alt=\"Accompagn\u00e9 de ses petits-enfants, Pierre Javaux \u00e9change volontiers avec les passants.\" width=\"960\" height=\"640\"\/><br \/>\n    Accompagn\u00e9 de ses petits-enfants, Pierre Javaux \u00e9change volontiers avec les passants. \u00a9Monique Henriet<\/p>\n<p class=\" wall-content\">Ainsi, en plus d\u2019\u00eatre <b>charcutier<\/b>, <b>ma\u00e7on, peintre<\/b>, il est aussi <b>point information touristique<\/b> pour les visiteurs et les gens de passage qui ne manquent pas de prendre quelques photos pour immortaliser cet \u00e9change ressour\u00e7ant avec \u00ab\u00a0<b>Papicasso<\/b>\u00ab\u00a0.\u00a0<\/p>\n<p class=\" wall-content\">Suivez toute l\u2019actualit\u00e9 de vos villes et m\u00e9dias favoris en vous inscrivant \u00e0 <a href=\"https:\/\/moncompte.actu.fr\" title=\"D\u00e9couvez Mon Actu\" rel=\"nofollow noopener\" data-trk=\"{&quot;cta&quot;:{&quot;action&quot;:&quot;https:\\\/\\\/moncompte.actu.fr&quot;,&quot;category&quot;:&quot;mon compte&quot;,&quot;from&quot;:&quot;article footer&quot;,&quot;name&quot;:&quot;Mon actu&quot;,&quot;type&quot;:&quot;cta&quot;}}\" target=\"_blank\">Mon Actu<\/a>.<\/p>\n<p>                    <script async src=\"\/\/www.tiktok.com\/embed.js\"><\/script><\/p>\n","protected":false},"excerpt":{"rendered":"Par Monique Henriet Publi\u00e9 le 1 ao\u00fbt 2025 \u00e0 12h51 \u00ab\u00a0Mon secret ? Il faut toujours avoir quelque&hellip;\n","protected":false},"author":2,"featured_media":290131,"comment_status":"","ping_status":"","sticky":false,"template":"","format":"standard","meta":{"footnotes":""},"categories":[1358],"tags":[1348,1384,1385,1386,58,59,1011,27,1652],"class_list":{"0":"post-290130","1":"post","2":"type-post","3":"status-publish","4":"format-standard","5":"has-post-thumbnail","7":"category-arts-et-design","8":"tag-arts","9":"tag-arts-and-design","10":"tag-arts-et-design","11":"tag-design","12":"tag-divertissement","13":"tag-entertainment","14":"tag-fr","15":"tag-france","16":"tag-loisirs-culture"},"share_on_mastodon":{"url":"https:\/\/pubeurope.com\/@fr\/114956159492441158","error":""},"_links":{"self":[{"href":"https:\/\/www.europesays.com\/fr\/wp-json\/wp\/v2\/posts\/290130","targetHints":{"allow":["GET"]}}],"collection":[{"href":"https:\/\/www.europesays.com\/fr\/wp-json\/wp\/v2\/posts"}],"about":[{"href":"https:\/\/www.europesays.com\/fr\/wp-json\/wp\/v2\/types\/post"}],"author":[{"embeddable":true,"href":"https:\/\/www.europesays.com\/fr\/wp-json\/wp\/v2\/users\/2"}],"replies":[{"embeddable":true,"href":"https:\/\/www.europesays.com\/fr\/wp-json\/wp\/v2\/comments?post=290130"}],"version-history":[{"count":0,"href":"https:\/\/www.europesays.com\/fr\/wp-json\/wp\/v2\/posts\/290130\/revisions"}],"wp:featuredmedia":[{"embeddable":true,"href":"https:\/\/www.europesays.com\/fr\/wp-json\/wp\/v2\/media\/290131"}],"wp:attachment":[{"href":"https:\/\/www.europesays.com\/fr\/wp-json\/wp\/v2\/media?parent=290130"}],"wp:term":[{"taxonomy":"category","embeddable":true,"href":"https:\/\/www.europesays.com\/fr\/wp-json\/wp\/v2\/categories?post=290130"},{"taxonomy":"post_tag","embeddable":true,"href":"https:\/\/www.europesays.com\/fr\/wp-json\/wp\/v2\/tags?post=290130"}],"curies":[{"name":"wp","href":"https:\/\/api.w.org\/{rel}","templated":true}]}}