{"id":290148,"date":"2025-08-01T23:50:12","date_gmt":"2025-08-01T23:50:12","guid":{"rendered":"https:\/\/www.europesays.com\/fr\/290148\/"},"modified":"2025-08-01T23:50:12","modified_gmt":"2025-08-01T23:50:12","slug":"nouveau-psychodrame-autour-de-la-programmation-pluriannuelle-de-lenergie","status":"publish","type":"post","link":"https:\/\/www.europesays.com\/fr\/290148\/","title":{"rendered":"Nouveau psychodrame autour de la programmation pluriannuelle de l\u2019\u00e9nergie"},"content":{"rendered":"<p>Le d\u00e9cret \u00e9tait pr\u00eat \u00e0 \u00eatre publi\u00e9 ce 1er ao\u00fbt. Il a finalement encore \u00e9t\u00e9 d\u00e9cal\u00e9. Il pourrait para\u00eetre le 5 ao\u00fbt. Ou pas.<\/p>\n<p class=\"fig-paragraph\">Sortira, sortira pas? Cette semaine ou \u00e0 la rentr\u00e9e? \u00abLa parution rapide de la PPE semblait bien engag\u00e9e hier et aujourd\u2019hui, il y a un changement de pied\u00bb, relatait vendredi 1er ao\u00fbt un proche du dossier. \u00ab\u00c7a bloque \u00e0 Matignon\u00bb, reconna\u00eet un autre. Un ni\u00e8me rebondissement pour le texte de la troisi\u00e8me\u00a0<a href=\"http:\/\/www.lefigaro.fr\/societes\/programmation-pluriannuelle-de-l-energie-il-y-a-urgence-a-agir-alerte-le-depute-raphael-schellenberger-20250418\" data-fig-type=\"NewsFlash\" data-gtm-custom-categorie=\"navigation\" data-gtm-custom-action=\"crossclick\" data-gtm-custom-label=\"Contextuel\" data-gtm-event=\"customEventSPE\" data-fig-domain=\"LEFIGARO\" target=\"_blank\" rel=\"noopener\">programmation pluriannuelle de l\u2019\u00e9nergie<\/a>\u00a0(PPE 3) qui aurait d\u00fb \u00eatre publi\u00e9 en juin 2023. Les gouvernements successifs ont multipli\u00e9 les phases de concertation. Plus ou moins de renouvelables? Plus ou beaucoup plus de nucl\u00e9aire? Le texte est devenu un sujet de crispation, jusqu\u2019\u00e0 pr\u00e9cipiter la chute du gouvernement Barnier \u00e0 l\u2019automne dernier. Depuis, Fran\u00e7ois Bayrou, a port\u00e9 le sujet devant l\u2019Assembl\u00e9e, avec un d\u00e9bat sans vote au printemps, boud\u00e9 par les d\u00e9put\u00e9s. Surtout, la proposition de loi sur la \u00abProgrammation nationale et simplification normative dans le secteur \u00e9conomique de l\u2019\u00e9nergie\u00bb, dite PPL Gr\u00e9millet, a \u00e9t\u00e9 soumise aux parlementaires.<\/p>\n<p class=\"fig-paragraph\">Les s\u00e9nateurs ont adopt\u00e9 un premier texte, largement amend\u00e9 par les d\u00e9put\u00e9s avant d\u2019\u00eatre rejet\u00e9. La premi\u00e8re version revient en seconde lecture au s\u00e9nat, avec des d\u00e9bats pr\u00e9vus mi-septembre. L\u2019opposition, notamment le RN, pr\u00f4ne pour que le vote de la loi Gr\u00e9millet pr\u00e9c\u00e8de la publication du d\u00e9cret PPE. Ce qui ne fait pas les affaires des entreprises du secteur de l\u2019\u00e9nergie qui, mi-juillet, ont appel\u00e9 \u00able gouvernement \u00e0 publier sans d\u00e9lai le d\u00e9cret fixant cette programmation strat\u00e9gique\u00bb. Une position que le ministre de l\u2019industrie et de l\u2019\u00e9nergie, Marc Ferracci, semblait soutenir, alors que Matignon veut le vote de la loi avant la promulgation du d\u00e9cret. La date de publication dira qui est sorti vainqueur de ces nouvelles discussions.<\/p>\n","protected":false},"excerpt":{"rendered":"Le d\u00e9cret \u00e9tait pr\u00eat \u00e0 \u00eatre publi\u00e9 ce 1er ao\u00fbt. Il a finalement encore \u00e9t\u00e9 d\u00e9cal\u00e9. Il pourrait&hellip;\n","protected":false},"author":2,"featured_media":290149,"comment_status":"","ping_status":"","sticky":false,"template":"","format":"standard","meta":{"footnotes":""},"categories":[6],"tags":[631,627,630,340,398,35,343,634,405,629,636,33,34,632,638,1011,27,637,399,639,635,401,628,633,407],"class_list":{"0":"post-290148","1":"post","2":"type-post","3":"status-publish","4":"format-standard","5":"has-post-thumbnail","7":"category-economie","8":"tag-action","9":"tag-actions-francaise","10":"tag-actualite-bourse","11":"tag-bourse","12":"tag-bourse-de-paris","13":"tag-business","14":"tag-cac-40","15":"tag-cotation","16":"tag-cotations","17":"tag-cours-des-societes-francaises","18":"tag-devises","19":"tag-economie","20":"tag-economy","21":"tag-fcp","22":"tag-figaro","23":"tag-fr","24":"tag-france","25":"tag-indices","26":"tag-investissement","27":"tag-le-figaro","28":"tag-marches","29":"tag-sicav","30":"tag-societes-etrangeres","31":"tag-warrant","32":"tag-warrants"},"share_on_mastodon":{"url":"https:\/\/pubeurope.com\/@fr\/114956194548355761","error":""},"_links":{"self":[{"href":"https:\/\/www.europesays.com\/fr\/wp-json\/wp\/v2\/posts\/290148","targetHints":{"allow":["GET"]}}],"collection":[{"href":"https:\/\/www.europesays.com\/fr\/wp-json\/wp\/v2\/posts"}],"about":[{"href":"https:\/\/www.europesays.com\/fr\/wp-json\/wp\/v2\/types\/post"}],"author":[{"embeddable":true,"href":"https:\/\/www.europesays.com\/fr\/wp-json\/wp\/v2\/users\/2"}],"replies":[{"embeddable":true,"href":"https:\/\/www.europesays.com\/fr\/wp-json\/wp\/v2\/comments?post=290148"}],"version-history":[{"count":0,"href":"https:\/\/www.europesays.com\/fr\/wp-json\/wp\/v2\/posts\/290148\/revisions"}],"wp:featuredmedia":[{"embeddable":true,"href":"https:\/\/www.europesays.com\/fr\/wp-json\/wp\/v2\/media\/290149"}],"wp:attachment":[{"href":"https:\/\/www.europesays.com\/fr\/wp-json\/wp\/v2\/media?parent=290148"}],"wp:term":[{"taxonomy":"category","embeddable":true,"href":"https:\/\/www.europesays.com\/fr\/wp-json\/wp\/v2\/categories?post=290148"},{"taxonomy":"post_tag","embeddable":true,"href":"https:\/\/www.europesays.com\/fr\/wp-json\/wp\/v2\/tags?post=290148"}],"curies":[{"name":"wp","href":"https:\/\/api.w.org\/{rel}","templated":true}]}}