{"id":290150,"date":"2025-08-01T23:51:16","date_gmt":"2025-08-01T23:51:16","guid":{"rendered":"https:\/\/www.europesays.com\/fr\/290150\/"},"modified":"2025-08-01T23:51:16","modified_gmt":"2025-08-01T23:51:16","slug":"des-parents-abandonnent-leur-fils-de-10-ans-a-laeroport-pour-prendre-lavion","status":"publish","type":"post","link":"https:\/\/www.europesays.com\/fr\/290150\/","title":{"rendered":"des parents abandonnent leur fils de 10 ans \u00e0 l\u2019a\u00e9roport pour prendre l\u2019avion"},"content":{"rendered":"<p class=\"article-p mdl\">Un enfant de 10 ans, qui ne pouvait pas prendre l&rsquo;avion en raison d&rsquo;un probl\u00e8me de visa, a \u00e9t\u00e9 laiss\u00e9 par ses parents au milieu du terminal de l\u2019a\u00e9roport Barcelone-El-Prat. L&rsquo;incident est survenu \u00e0 la fin du mois de juillet et a suscit\u00e9 l&rsquo;indignation d&rsquo;une coordinatrice a\u00e9rienne qui a t\u00e9moign\u00e9 sur TikTok.\u00a0<\/p>\n<p class=\"article-p mdl\">Elle d\u00e9crit une sc\u00e8ne \u00ab\u00a0compl\u00e8tement surr\u00e9aliste\u00a0\u00bb, alors que l&rsquo;\u00e9quipage a \u00e9t\u00e9 alert\u00e9 <strong>qu&rsquo;un enfant se trouvait seul dans le terminal <\/strong>au moment du d\u00e9collage de l&rsquo;avion. Le mineur, \u00e2g\u00e9 de 10 ans, a indiqu\u00e9 que ses parents se trouvaient \u00e0 bord de l&rsquo;avion, pour aller vers leur pays d&rsquo;origine, a rapport\u00e9\u00a0<a class=\"link\" href=\"https:\/\/www.ouest-france.fr\/europe\/espagne\/un-couple-abandonne-son-fils-a-laeroport-pour-ne-pas-rater-son-avion-et-partir-en-vacances-bcd27530-6ea1-11f0-98d0-ec518692189f\" target=\"_blank\" rel=\"nofollow noopener\">Ouest-France<\/a>.\u00a0<\/p>\n<p class=\"article-p mdl\">Le couple, qui voyageait avec un autre enfant, \u00e9tait install\u00e9\u00a0dans l&rsquo;avion. Il s&rsquo;est justifi\u00e9 en disant que <strong>le passeport de leur fils \u00e9tait p\u00e9rim\u00e9 <\/strong>et que son document espagnol n\u00e9cessitait un visa. <strong>Pour ne pas perdre leur billet d&rsquo;avion, les parents sont mont\u00e9s dans l&rsquo;avion<\/strong> et ont laiss\u00e9 leur\u00a0<a class=\"link\" href=\"https:\/\/www.rtl.fr\/actu\/economie-consommation\/avion-la-compagnie-laisse-l-enfant-toute-une-nuit-seul-a-l-aeroport-7800928749\" target=\"_blank\" rel=\"nofollow noopener\">enfant \u00e0 l&rsquo;a\u00e9roport<\/a>.\u00a0<\/p>\n<p class=\"article-p mdl\">Ils ont dit avoir pr\u00e9venu quelqu&rsquo;un de leur famille pour venir chercher leur fils de 10 ans. La Guardia Civil est intervenue et a emp\u00each\u00e9<a class=\"link\" href=\"https:\/\/www.rtl.fr\/actu\/debats-societe\/video-italie-un-avion-perd-sa-roue-en-plein-decollage-7900198572\" target=\"_blank\" rel=\"nofollow noopener\"> le d\u00e9collage.<\/a>\u00a0<strong>Les parents et leur autre enfant ont \u00e9t\u00e9 conduits au commissariat, o\u00f9 se trouvait leur fils<\/strong> qui avait \u00e9t\u00e9 abandonn\u00e9.\u00a0<\/p>\n<p>    La r\u00e9daction vous recommande<\/p>\n<p class=\"s-newsletter__title\">\n                L\u2019actualit\u00e9 par la r\u00e9daction de RTL dans votre bo\u00eete mail.\n            <\/p>\n<p class=\"s-newsletter__subtitle\">\n                Gr\u00e2ce \u00e0 votre compte RTL abonnez-vous \u00e0 la newsletter RTL info pour suivre toute l&rsquo;actualit\u00e9 au quotidien\n            <\/p>\n<p>\n                                    Lire la suite\n                                <\/p>\n","protected":false},"excerpt":{"rendered":"Un enfant de 10 ans, qui ne pouvait pas prendre l&rsquo;avion en raison d&rsquo;un probl\u00e8me de visa, a&hellip;\n","protected":false},"author":2,"featured_media":290151,"comment_status":"","ping_status":"","sticky":false,"template":"","format":"standard","meta":{"footnotes":""},"categories":[5],"tags":[11,663,7182,13796,4791,1719,107,1011,27,14,12,28],"class_list":{"0":"post-290150","1":"post","2":"type-post","3":"status-publish","4":"format-standard","5":"has-post-thumbnail","7":"category-international","8":"tag-actualites","9":"tag-aeroport","10":"tag-aviation","11":"tag-avions","12":"tag-barcelone","13":"tag-enfants","14":"tag-fil-info","15":"tag-fr","16":"tag-france","17":"tag-international","18":"tag-news","19":"tag-world"},"share_on_mastodon":{"url":"https:\/\/pubeurope.com\/@fr\/114956198493793591","error":""},"_links":{"self":[{"href":"https:\/\/www.europesays.com\/fr\/wp-json\/wp\/v2\/posts\/290150","targetHints":{"allow":["GET"]}}],"collection":[{"href":"https:\/\/www.europesays.com\/fr\/wp-json\/wp\/v2\/posts"}],"about":[{"href":"https:\/\/www.europesays.com\/fr\/wp-json\/wp\/v2\/types\/post"}],"author":[{"embeddable":true,"href":"https:\/\/www.europesays.com\/fr\/wp-json\/wp\/v2\/users\/2"}],"replies":[{"embeddable":true,"href":"https:\/\/www.europesays.com\/fr\/wp-json\/wp\/v2\/comments?post=290150"}],"version-history":[{"count":0,"href":"https:\/\/www.europesays.com\/fr\/wp-json\/wp\/v2\/posts\/290150\/revisions"}],"wp:featuredmedia":[{"embeddable":true,"href":"https:\/\/www.europesays.com\/fr\/wp-json\/wp\/v2\/media\/290151"}],"wp:attachment":[{"href":"https:\/\/www.europesays.com\/fr\/wp-json\/wp\/v2\/media?parent=290150"}],"wp:term":[{"taxonomy":"category","embeddable":true,"href":"https:\/\/www.europesays.com\/fr\/wp-json\/wp\/v2\/categories?post=290150"},{"taxonomy":"post_tag","embeddable":true,"href":"https:\/\/www.europesays.com\/fr\/wp-json\/wp\/v2\/tags?post=290150"}],"curies":[{"name":"wp","href":"https:\/\/api.w.org\/{rel}","templated":true}]}}