{"id":290152,"date":"2025-08-01T23:52:13","date_gmt":"2025-08-01T23:52:13","guid":{"rendered":"https:\/\/www.europesays.com\/fr\/290152\/"},"modified":"2025-08-01T23:52:13","modified_gmt":"2025-08-01T23:52:13","slug":"une-infirmiere-se-denonce-elle-est-placee-en-garde-a-vue-avec-son-conjoint","status":"publish","type":"post","link":"https:\/\/www.europesays.com\/fr\/290152\/","title":{"rendered":"une infirmi\u00e8re se d\u00e9nonce, elle est plac\u00e9e en garde \u00e0 vue avec son conjoint"},"content":{"rendered":"<p>C&rsquo;est une rumeur relay\u00e9e sur les r\u00e9seaux sociaux qui a pouss\u00e9 une femme \u00e0 se rendre \u00e0 la police. Depuis plusieurs jours, une vid\u00e9o publi\u00e9e notamment sur TikTok \u00e9voque des faits d&rsquo;agressions sexuelles sur des nourrissons, dans une maternit\u00e9 de Montreuil.<\/p>\n<p>Selon une information r\u00e9v\u00e9l\u00e9e par <a href=\"https:\/\/www.rtl.fr\/actu\/justice-faits-divers\/info-rtl-rumeur-sur-tiktok-d-agressions-sexuelles-sur-des-nourrissons-dans-un-hopital-1-infirmiere-et-1-homme-en-garde-a-vue-7900527244\" target=\"_blank\" rel=\"noopener\">RTL<\/a> et confirm\u00e9e par <a href=\"https:\/\/www.leparisien.fr\/seine-saint-denis-93\/rumeur-dattouchements-sur-des-bebes-a-montreuil-une-femme-se-denonce-son-conjoint-egalement-place-en-garde-a-vue-31-07-2025-MTFSDYZJLNCMFPYXRJGXCVVCCE.php\" target=\"_blank\" rel=\"noopener\">Le Parisien<\/a>, une infirmi\u00e8re de 25 ans s&rsquo;est rendue au commissariat ce mercredi.<\/p>\n<p>Le couple plac\u00e9 en garde \u00e0 vue<\/p>\n<p>Elle a \u00e9t\u00e9 plac\u00e9e en garde \u00e0 vue, ainsi que son conjoint de 27 ans ce jeudi. Le couple est soup\u00e7onn\u00e9 d&rsquo;agressions ou de complicit\u00e9 d&rsquo;agressions sexuelles sur mineurs de 15 ans et de d\u00e9tention, enregistrement et transmission d&rsquo;images p\u00e9dopornographiques.<\/p>\n<p>Selon Le Parisien, l&rsquo;infirmi\u00e8re aurait commis des actes d&rsquo;attouchements et les aurait film\u00e9s pour envoyer les images \u00e0 son conjoint. Ce serait la diffusion de ces images sur les r\u00e9seaux sociaux qui aurait pouss\u00e9 la jeune femme \u00e0 se d\u00e9noncer.<\/p>\n<p>La direction du groupement hospitalier dont fait partie l&rsquo;h\u00f4pital de Montreuil assure qu&rsquo;aucun des deux suspects ne travaille dans leur \u00e9tablissement. Et assure avoir engag\u00e9 une proc\u00e9dure judiciaire \u00ab\u00a0\u00e0 l&rsquo;encontre de la personne ayant associ\u00e9 une photo de l&rsquo;h\u00f4pital de Montreuil \u00e0 cette vid\u00e9o\u00a0\u00bb.<\/p>\n","protected":false},"excerpt":{"rendered":"C&rsquo;est une rumeur relay\u00e9e sur les r\u00e9seaux sociaux qui a pouss\u00e9 une femme \u00e0 se rendre \u00e0 la&hellip;\n","protected":false},"author":2,"featured_media":290153,"comment_status":"","ping_status":"","sticky":false,"template":"","format":"standard","meta":{"footnotes":""},"categories":[4],"tags":[17,11,42915,154,274,1011,27,12,42916,25,181,19039,3356,96],"class_list":{"0":"post-290152","1":"post","2":"type-post","3":"status-publish","4":"format-standard","5":"has-post-thumbnail","7":"category-france","8":"tag-17","9":"tag-actualites","10":"tag-dagressions","11":"tag-des","12":"tag-faits-divers-justice","13":"tag-fr","14":"tag-france","15":"tag-news","16":"tag-nourrissons","17":"tag-republique-francaise","18":"tag-rumeurs","19":"tag-sexuelles","20":"tag-sur","21":"tag-une"},"share_on_mastodon":{"url":"https:\/\/pubeurope.com\/@fr\/114956202435183259","error":""},"_links":{"self":[{"href":"https:\/\/www.europesays.com\/fr\/wp-json\/wp\/v2\/posts\/290152","targetHints":{"allow":["GET"]}}],"collection":[{"href":"https:\/\/www.europesays.com\/fr\/wp-json\/wp\/v2\/posts"}],"about":[{"href":"https:\/\/www.europesays.com\/fr\/wp-json\/wp\/v2\/types\/post"}],"author":[{"embeddable":true,"href":"https:\/\/www.europesays.com\/fr\/wp-json\/wp\/v2\/users\/2"}],"replies":[{"embeddable":true,"href":"https:\/\/www.europesays.com\/fr\/wp-json\/wp\/v2\/comments?post=290152"}],"version-history":[{"count":0,"href":"https:\/\/www.europesays.com\/fr\/wp-json\/wp\/v2\/posts\/290152\/revisions"}],"wp:featuredmedia":[{"embeddable":true,"href":"https:\/\/www.europesays.com\/fr\/wp-json\/wp\/v2\/media\/290153"}],"wp:attachment":[{"href":"https:\/\/www.europesays.com\/fr\/wp-json\/wp\/v2\/media?parent=290152"}],"wp:term":[{"taxonomy":"category","embeddable":true,"href":"https:\/\/www.europesays.com\/fr\/wp-json\/wp\/v2\/categories?post=290152"},{"taxonomy":"post_tag","embeddable":true,"href":"https:\/\/www.europesays.com\/fr\/wp-json\/wp\/v2\/tags?post=290152"}],"curies":[{"name":"wp","href":"https:\/\/api.w.org\/{rel}","templated":true}]}}