{"id":290154,"date":"2025-08-01T23:53:25","date_gmt":"2025-08-01T23:53:25","guid":{"rendered":"https:\/\/www.europesays.com\/fr\/290154\/"},"modified":"2025-08-01T23:53:25","modified_gmt":"2025-08-01T23:53:25","slug":"lom-officialise-larrivee-digor-paixao","status":"publish","type":"post","link":"https:\/\/www.europesays.com\/fr\/290154\/","title":{"rendered":"l\u2019OM officialise l\u2019arriv\u00e9e d\u2019Igor Paixao"},"content":{"rendered":"<p>Ancien joueur de Feyenoord, Igor Paixao s\u2019est engag\u00e9 sous les couleurs de l\u2019Olympique de Marseille.<\/p>\n<p class=\"fig-paragraph\">Il est devenu le\u00a0<a href=\"http:\/\/www.lefigaro.fr\/sports\/football\/transferts\/piste-par-les-plus-grands-26e-bresilien-5-choses-a-savoir-sur-igor-paixao-qui-pourrait-devenir-la-recrue-la-plus-chere-de-l-histoire-de-l-om-20250723\" data-fig-type=\"NewsFlash\" data-gtm-custom-categorie=\"navigation\" data-gtm-custom-action=\"crossclick\" data-gtm-custom-label=\"Contextuel\" data-gtm-event=\"customEventSPE\" data-fig-domain=\"LEFIGARO\" target=\"_blank\" rel=\"noopener\">transfert le plus cher de l\u2019histoire de l\u2019OM<\/a>. En effet, le club marseillais a annonc\u00e9 la signature de l\u2019ailier br\u00e9silien Igor Paixao. L\u2019ancien joueur de Feyenoord s\u2019engage donc pour la somme de 35 millions d\u2019euros. \u00c9voluant au poste d\u2019ailier gauche, il arrive pour concurrencer le jeune anglais Jonathan Rowe auteur de belles performances lors des premiers matchs de pr\u00e9paration.<\/p>\n<p class=\"fig-paragraph\">L\u2019OM avance par la m\u00eame occasion sur le transfert de l\u2019\u00c9quatorien Joel Ord\u00f3\u00f1ez, jeune d\u00e9fenseur central du Club Bruges. Il s\u2019agirait donc de la deuxi\u00e8me belle pioche dans le secteur d\u00e9fensif apr\u00e8s l\u2019arriv\u00e9e de M\u00e9dina en provenance de Lens au d\u00e9but du mercato.<\/p>\n","protected":false},"excerpt":{"rendered":"Ancien joueur de Feyenoord, Igor Paixao s\u2019est engag\u00e9 sous les couleurs de l\u2019Olympique de Marseille. Il est devenu&hellip;\n","protected":false},"author":2,"featured_media":290155,"comment_status":"","ping_status":"","sticky":false,"template":"","format":"standard","meta":{"footnotes":""},"categories":[2],"tags":[11,1011,27,1434,12,1176],"class_list":{"0":"post-290154","1":"post","2":"type-post","3":"status-publish","4":"format-standard","5":"has-post-thumbnail","7":"category-actualites","8":"tag-actualites","9":"tag-fr","10":"tag-france","11":"tag-mercato","12":"tag-news","13":"tag-olympique-de-marseille"},"share_on_mastodon":{"url":"https:\/\/pubeurope.com\/@fr\/114956206291669392","error":""},"_links":{"self":[{"href":"https:\/\/www.europesays.com\/fr\/wp-json\/wp\/v2\/posts\/290154","targetHints":{"allow":["GET"]}}],"collection":[{"href":"https:\/\/www.europesays.com\/fr\/wp-json\/wp\/v2\/posts"}],"about":[{"href":"https:\/\/www.europesays.com\/fr\/wp-json\/wp\/v2\/types\/post"}],"author":[{"embeddable":true,"href":"https:\/\/www.europesays.com\/fr\/wp-json\/wp\/v2\/users\/2"}],"replies":[{"embeddable":true,"href":"https:\/\/www.europesays.com\/fr\/wp-json\/wp\/v2\/comments?post=290154"}],"version-history":[{"count":0,"href":"https:\/\/www.europesays.com\/fr\/wp-json\/wp\/v2\/posts\/290154\/revisions"}],"wp:featuredmedia":[{"embeddable":true,"href":"https:\/\/www.europesays.com\/fr\/wp-json\/wp\/v2\/media\/290155"}],"wp:attachment":[{"href":"https:\/\/www.europesays.com\/fr\/wp-json\/wp\/v2\/media?parent=290154"}],"wp:term":[{"taxonomy":"category","embeddable":true,"href":"https:\/\/www.europesays.com\/fr\/wp-json\/wp\/v2\/categories?post=290154"},{"taxonomy":"post_tag","embeddable":true,"href":"https:\/\/www.europesays.com\/fr\/wp-json\/wp\/v2\/tags?post=290154"}],"curies":[{"name":"wp","href":"https:\/\/api.w.org\/{rel}","templated":true}]}}