{"id":290170,"date":"2025-08-02T00:08:17","date_gmt":"2025-08-02T00:08:17","guid":{"rendered":"https:\/\/www.europesays.com\/fr\/290170\/"},"modified":"2025-08-02T00:08:17","modified_gmt":"2025-08-02T00:08:17","slug":"gaetan-paquiez-touche-au-genou-manquera-le-coup-denvoi-de-la-ligue-2","status":"publish","type":"post","link":"https:\/\/www.europesays.com\/fr\/290170\/","title":{"rendered":"Ga\u00ebtan Paquiez, touch\u00e9 au genou, manquera le coup d\u2019envoi de la Ligue 2"},"content":{"rendered":"<p itemprop=\"description\"><strong>Le capitaine du GF38 Ga\u00ebtan Paquiez souffre d\u2019une entorse au genou apr\u00e8s avoir \u00e9t\u00e9 touch\u00e9 face \u00e0 Rodez.<\/strong><\/p>\n<p>Le d\u00e9fenseur manquera le d\u00e9but du championnat de Ligue 2.<\/p>\n<p>Mauvaise nouvelle pour le Grenoble Foot \u00e0 quelques jours de la reprise de la Ligue 2. Touch\u00e9 face \u00e0 Rodez, le capitaine Ga\u00ebtan Paquiez souffre d\u2019une entorse au genou. Une blessure qui lui fera manquer le coup d\u2019envoi du championnat, mais aussi les premi\u00e8res semaines de comp\u00e9tition.<\/p>\n<p>Le temps d\u2019indisponibilit\u00e9 pour ce type de blessure varie en g\u00e9n\u00e9ral de 4 \u00e0 6 semaines.<\/p>\n<p>Le GF38 a un dernier match de pr\u00e9paration ce samedi 2 ao\u00fbt contre le Puy Foot 43, avant le retour de la Ligue 2 le samedi 9 ao\u00fbt \u00e0 20h contre Troyes.<\/p>\n","protected":false},"excerpt":{"rendered":"Le capitaine du GF38 Ga\u00ebtan Paquiez souffre d\u2019une entorse au genou apr\u00e8s avoir \u00e9t\u00e9 touch\u00e9 face \u00e0 Rodez.&hellip;\n","protected":false},"author":2,"featured_media":290171,"comment_status":"","ping_status":"","sticky":false,"template":"","format":"standard","meta":{"footnotes":""},"categories":[9566],"tags":[1111,11,7733,8279,2430,7736,650,7734,2889,2263,1777,674,1011,27,2731,8280,6417,1114,108,4662,12,3725,1825,25,7737],"class_list":{"0":"post-290170","1":"post","2":"type-post","3":"status-publish","4":"format-standard","5":"has-post-thumbnail","7":"category-grenoble","8":"tag-actu","9":"tag-actualites","10":"tag-alpes","11":"tag-alpes1","12":"tag-auvergne-rhone-alpes","13":"tag-cds","14":"tag-cinema","15":"tag-ecoute","16":"tag-emission","17":"tag-equipe","18":"tag-eu","19":"tag-europe","20":"tag-fr","21":"tag-france","22":"tag-grenoble","23":"tag-haute","24":"tag-information","25":"tag-infos","26":"tag-isere","27":"tag-journal","28":"tag-news","29":"tag-podcast","30":"tag-radio","31":"tag-republique-francaise","32":"tag-winamp"},"share_on_mastodon":{"url":"https:\/\/pubeurope.com\/@fr\/114956265240792454","error":""},"_links":{"self":[{"href":"https:\/\/www.europesays.com\/fr\/wp-json\/wp\/v2\/posts\/290170","targetHints":{"allow":["GET"]}}],"collection":[{"href":"https:\/\/www.europesays.com\/fr\/wp-json\/wp\/v2\/posts"}],"about":[{"href":"https:\/\/www.europesays.com\/fr\/wp-json\/wp\/v2\/types\/post"}],"author":[{"embeddable":true,"href":"https:\/\/www.europesays.com\/fr\/wp-json\/wp\/v2\/users\/2"}],"replies":[{"embeddable":true,"href":"https:\/\/www.europesays.com\/fr\/wp-json\/wp\/v2\/comments?post=290170"}],"version-history":[{"count":0,"href":"https:\/\/www.europesays.com\/fr\/wp-json\/wp\/v2\/posts\/290170\/revisions"}],"wp:featuredmedia":[{"embeddable":true,"href":"https:\/\/www.europesays.com\/fr\/wp-json\/wp\/v2\/media\/290171"}],"wp:attachment":[{"href":"https:\/\/www.europesays.com\/fr\/wp-json\/wp\/v2\/media?parent=290170"}],"wp:term":[{"taxonomy":"category","embeddable":true,"href":"https:\/\/www.europesays.com\/fr\/wp-json\/wp\/v2\/categories?post=290170"},{"taxonomy":"post_tag","embeddable":true,"href":"https:\/\/www.europesays.com\/fr\/wp-json\/wp\/v2\/tags?post=290170"}],"curies":[{"name":"wp","href":"https:\/\/api.w.org\/{rel}","templated":true}]}}