{"id":290172,"date":"2025-08-02T00:09:11","date_gmt":"2025-08-02T00:09:11","guid":{"rendered":"https:\/\/www.europesays.com\/fr\/290172\/"},"modified":"2025-08-02T00:09:11","modified_gmt":"2025-08-02T00:09:11","slug":"previsions-du-samedi-2-aout-2025","status":"publish","type":"post","link":"https:\/\/www.europesays.com\/fr\/290172\/","title":{"rendered":"pr\u00e9visions du samedi 2 ao\u00fbt 2025"},"content":{"rendered":"<p>Un superbe soleil brillera sur Rennes, o\u00f9 la journ\u00e9e s&rsquo;annoncera des plus agr\u00e9ables. Les temp\u00e9ratures afficheront entre 11 et 24\u00b0C. Le matin, on pr\u00e9voit des valeurs avoisinant 19\u00b0C. Une brise de nord soufflera l\u00e9g\u00e8rement. L&rsquo;apr\u00e8s-midi, c&rsquo;est une hausse de quelques degr\u00e9s que vont enregistrer les temp\u00e9ratures. Ces valeurs seront de 21\u00b0C au minimum et de 24\u00b0C au plus haut. Un vent de nord-ouest est attendu : il soufflera \u00e0 21 km\/h. Pendant votre sommeil, dans la nuit de samedi \u00e0 dimanche, le ciel sera clair.<\/p>\n<p>La m\u00e9t\u00e9o va se r\u00e9chauffer demain \u00e0 Rennes avec une augmentation de quelques degr\u00e9s. Les valeurs seront comprises entre 11 et 27\u00b0C. Un vent de nord-ouest rafra\u00eechira quelque peu l&rsquo;atmosph\u00e8re. Petits et grands pourront appr\u00e9cier leur matin\u00e9e sous un ciel un peu nuageux. Les temp\u00e9ratures avoisineront les 20\u00b0C. Le soleil se montrerait plus t\u00f4t dans l&rsquo;apr\u00e8s-midi si de l\u00e9gers nuages ne retardaient pas sa venue. En revanche, les temp\u00e9ratures vont conna\u00eetre une hausse de plusieurs degr\u00e9s. Les valeurs s&rsquo;\u00e9chelonneront entre 25\u00b0C et 27\u00b0C. Le ciel va s&rsquo;\u00e9claircir au cours de la soir\u00e9e.<\/p>\n<p>Peu de changements pour la suite. Il fera 28\u00b0C en moyenne pour des journ\u00e9es avec une m\u00e9t\u00e9o ensoleill\u00e9e.<\/p>\n<p><\/p>\n","protected":false},"excerpt":{"rendered":"Un superbe soleil brillera sur Rennes, o\u00f9 la journ\u00e9e s&rsquo;annoncera des plus agr\u00e9ables. Les temp\u00e9ratures afficheront entre 11&hellip;\n","protected":false},"author":2,"featured_media":290173,"comment_status":"","ping_status":"","sticky":false,"template":"","format":"standard","meta":{"footnotes":""},"categories":[2821],"tags":[1111,11,829,1777,674,1011,27,848,12,2119,584,25],"class_list":{"0":"post-290172","1":"post","2":"type-post","3":"status-publish","4":"format-standard","5":"has-post-thumbnail","7":"category-rennes","8":"tag-actu","9":"tag-actualites","10":"tag-bretagne","11":"tag-eu","12":"tag-europe","13":"tag-fr","14":"tag-france","15":"tag-ille-et-vilaine","16":"tag-news","17":"tag-previsions-meteo","18":"tag-rennes","19":"tag-republique-francaise"},"share_on_mastodon":{"url":"https:\/\/pubeurope.com\/@fr\/114956269190634584","error":""},"_links":{"self":[{"href":"https:\/\/www.europesays.com\/fr\/wp-json\/wp\/v2\/posts\/290172","targetHints":{"allow":["GET"]}}],"collection":[{"href":"https:\/\/www.europesays.com\/fr\/wp-json\/wp\/v2\/posts"}],"about":[{"href":"https:\/\/www.europesays.com\/fr\/wp-json\/wp\/v2\/types\/post"}],"author":[{"embeddable":true,"href":"https:\/\/www.europesays.com\/fr\/wp-json\/wp\/v2\/users\/2"}],"replies":[{"embeddable":true,"href":"https:\/\/www.europesays.com\/fr\/wp-json\/wp\/v2\/comments?post=290172"}],"version-history":[{"count":0,"href":"https:\/\/www.europesays.com\/fr\/wp-json\/wp\/v2\/posts\/290172\/revisions"}],"wp:featuredmedia":[{"embeddable":true,"href":"https:\/\/www.europesays.com\/fr\/wp-json\/wp\/v2\/media\/290173"}],"wp:attachment":[{"href":"https:\/\/www.europesays.com\/fr\/wp-json\/wp\/v2\/media?parent=290172"}],"wp:term":[{"taxonomy":"category","embeddable":true,"href":"https:\/\/www.europesays.com\/fr\/wp-json\/wp\/v2\/categories?post=290172"},{"taxonomy":"post_tag","embeddable":true,"href":"https:\/\/www.europesays.com\/fr\/wp-json\/wp\/v2\/tags?post=290172"}],"curies":[{"name":"wp","href":"https:\/\/api.w.org\/{rel}","templated":true}]}}