{"id":290186,"date":"2025-08-02T00:18:12","date_gmt":"2025-08-02T00:18:12","guid":{"rendered":"https:\/\/www.europesays.com\/fr\/290186\/"},"modified":"2025-08-02T00:18:12","modified_gmt":"2025-08-02T00:18:12","slug":"previsions-du-samedi-2-aout-2025-3","status":"publish","type":"post","link":"https:\/\/www.europesays.com\/fr\/290186\/","title":{"rendered":"pr\u00e9visions du samedi 2 ao\u00fbt 2025"},"content":{"rendered":"<p>Bordeaux va vivre une magnifique journ\u00e9e particuli\u00e8rement ensoleill\u00e9e. Les valeurs s&rsquo;\u00e9chelonneront entre 13 et 28\u00b0C. Un vent de nord-ouest soufflera l\u00e9g\u00e8rement. La m\u00e9t\u00e9o va se r\u00e9chauffer l&rsquo;apr\u00e8s-midi avec une augmentation de plusieurs degr\u00e9s. Les temp\u00e9ratures iront de 25 \u00e0 28\u00b0C. Une nuit claire vous attendra entre samedi et dimanche.<\/p>\n<p>C&rsquo;est un soleil radieux qui va se montrer demain sur Bordeaux. C&rsquo;est une hausse de quelques degr\u00e9s que vont conna\u00eetre les temp\u00e9ratures. La ville va conna\u00eetre une vague de grosses chaleurs avec des valeurs qui rejoindront parfois les 31\u00b0C. Les temp\u00e9ratures afficheront entre 13 et 31\u00b0C. Une petite brise de nord-ouest sera ressentie par les habitants. Le matin, le mercure affichera 22\u00b0C en moyenne. Les temp\u00e9ratures vont enregistrer une augmentation de plusieurs degr\u00e9s dans l&rsquo;apr\u00e8s-midi. Les importantes chaleurs sont pr\u00e9sentes. Avec des valeurs comprises entre 29 et 31\u00b0C. Les temp\u00e9ratures seront comprises entre 29 et 31\u00b0C.<\/p>\n<p>Pour les jours qui suivent, le temps ne changera pas. On s&rsquo;attend \u00e0 des journ\u00e9es ensoleill\u00e9es, accompagn\u00e9es par des temp\u00e9ratures dans les 36\u00b0C en moyenne.<\/p>\n<p><\/p>\n","protected":false},"excerpt":{"rendered":"Bordeaux va vivre une magnifique journ\u00e9e particuli\u00e8rement ensoleill\u00e9e. Les valeurs s&rsquo;\u00e9chelonneront entre 13 et 28\u00b0C. Un vent de&hellip;\n","protected":false},"author":2,"featured_media":290187,"comment_status":"","ping_status":"","sticky":false,"template":"","format":"standard","meta":{"footnotes":""},"categories":[2817],"tags":[1111,11,3177,1997,1777,674,1011,27,2905,12,2219,2119,25],"class_list":{"0":"post-290186","1":"post","2":"type-post","3":"status-publish","4":"format-standard","5":"has-post-thumbnail","7":"category-bordeaux","8":"tag-actu","9":"tag-actualites","10":"tag-aquitaine","11":"tag-bordeaux","12":"tag-eu","13":"tag-europe","14":"tag-fr","15":"tag-france","16":"tag-gironde","17":"tag-news","18":"tag-nouvelle-aquitaine","19":"tag-previsions-meteo","20":"tag-republique-francaise"},"share_on_mastodon":{"url":"https:\/\/pubeurope.com\/@fr\/114956304819854410","error":""},"_links":{"self":[{"href":"https:\/\/www.europesays.com\/fr\/wp-json\/wp\/v2\/posts\/290186","targetHints":{"allow":["GET"]}}],"collection":[{"href":"https:\/\/www.europesays.com\/fr\/wp-json\/wp\/v2\/posts"}],"about":[{"href":"https:\/\/www.europesays.com\/fr\/wp-json\/wp\/v2\/types\/post"}],"author":[{"embeddable":true,"href":"https:\/\/www.europesays.com\/fr\/wp-json\/wp\/v2\/users\/2"}],"replies":[{"embeddable":true,"href":"https:\/\/www.europesays.com\/fr\/wp-json\/wp\/v2\/comments?post=290186"}],"version-history":[{"count":0,"href":"https:\/\/www.europesays.com\/fr\/wp-json\/wp\/v2\/posts\/290186\/revisions"}],"wp:featuredmedia":[{"embeddable":true,"href":"https:\/\/www.europesays.com\/fr\/wp-json\/wp\/v2\/media\/290187"}],"wp:attachment":[{"href":"https:\/\/www.europesays.com\/fr\/wp-json\/wp\/v2\/media?parent=290186"}],"wp:term":[{"taxonomy":"category","embeddable":true,"href":"https:\/\/www.europesays.com\/fr\/wp-json\/wp\/v2\/categories?post=290186"},{"taxonomy":"post_tag","embeddable":true,"href":"https:\/\/www.europesays.com\/fr\/wp-json\/wp\/v2\/tags?post=290186"}],"curies":[{"name":"wp","href":"https:\/\/api.w.org\/{rel}","templated":true}]}}