{"id":290196,"date":"2025-08-02T00:24:11","date_gmt":"2025-08-02T00:24:11","guid":{"rendered":"https:\/\/www.europesays.com\/fr\/290196\/"},"modified":"2025-08-02T00:24:11","modified_gmt":"2025-08-02T00:24:11","slug":"previsions-du-samedi-2-aout-2025-5","status":"publish","type":"post","link":"https:\/\/www.europesays.com\/fr\/290196\/","title":{"rendered":"pr\u00e9visions du samedi 2 ao\u00fbt 2025"},"content":{"rendered":"<p>Marseille aura le plaisir de pouvoir profiter d&rsquo;une superbe journ\u00e9e ensoleill\u00e9e. Les maximales pourront atteindre 26\u00b0C tandis que les minimales seront de 22\u00b0C. Un vent de nord-ouest, enregistrant 25 km\/h, soufflera. Il fera environ 24\u00b0C, le matin. Le ciel va s&rsquo;\u00e9claircir au cours de la soir\u00e9e. Les temp\u00e9ratures seront de 26\u00b0C. On pr\u00e9voit une nuit claire entre samedi et dimanche.<\/p>\n<p>C&rsquo;est un soleil splendide qui va briller demain sur Marseille. Les temp\u00e9ratures afficheront entre 19 et 28\u00b0C. La ville sera touch\u00e9e par un vent de nord-ouest de 31 km\/h. Les valeurs seront de 22\u00b0C dans la matin\u00e9e. Les temp\u00e9ratures vont conna\u00eetre une hausse de plusieurs degr\u00e9s dans l&rsquo;apr\u00e8s-midi. Les valeurs s&rsquo;\u00e9chelonneront de 26 \u00e0 28\u00b0C. Demain soir, les valeurs s&rsquo;\u00e9chelonneront entre 25 et 27\u00b0C.<\/p>\n<p>Pour les jours \u00e0 venir, le temps ne changera pas. Des temp\u00e9ratures dans les 27\u00b0C iront de pair avec un ciel ensoleill\u00e9.<\/p>\n<p><\/p>\n","protected":false},"excerpt":{"rendered":"Marseille aura le plaisir de pouvoir profiter d&rsquo;une superbe journ\u00e9e ensoleill\u00e9e. Les maximales pourront atteindre 26\u00b0C tandis que&hellip;\n","protected":false},"author":2,"featured_media":290197,"comment_status":"","ping_status":"","sticky":false,"template":"","format":"standard","meta":{"footnotes":""},"categories":[2814],"tags":[1111,11,885,1777,674,1011,27,884,12,883,2119,882,25],"class_list":{"0":"post-290196","1":"post","2":"type-post","3":"status-publish","4":"format-standard","5":"has-post-thumbnail","7":"category-marseille","8":"tag-actu","9":"tag-actualites","10":"tag-bouches-du-rhone","11":"tag-eu","12":"tag-europe","13":"tag-fr","14":"tag-france","15":"tag-marseille","16":"tag-news","17":"tag-paca","18":"tag-previsions-meteo","19":"tag-provence-alpes-cote-dazur","20":"tag-republique-francaise"},"share_on_mastodon":{"url":"https:\/\/pubeurope.com\/@fr\/114956328322859718","error":""},"_links":{"self":[{"href":"https:\/\/www.europesays.com\/fr\/wp-json\/wp\/v2\/posts\/290196","targetHints":{"allow":["GET"]}}],"collection":[{"href":"https:\/\/www.europesays.com\/fr\/wp-json\/wp\/v2\/posts"}],"about":[{"href":"https:\/\/www.europesays.com\/fr\/wp-json\/wp\/v2\/types\/post"}],"author":[{"embeddable":true,"href":"https:\/\/www.europesays.com\/fr\/wp-json\/wp\/v2\/users\/2"}],"replies":[{"embeddable":true,"href":"https:\/\/www.europesays.com\/fr\/wp-json\/wp\/v2\/comments?post=290196"}],"version-history":[{"count":0,"href":"https:\/\/www.europesays.com\/fr\/wp-json\/wp\/v2\/posts\/290196\/revisions"}],"wp:featuredmedia":[{"embeddable":true,"href":"https:\/\/www.europesays.com\/fr\/wp-json\/wp\/v2\/media\/290197"}],"wp:attachment":[{"href":"https:\/\/www.europesays.com\/fr\/wp-json\/wp\/v2\/media?parent=290196"}],"wp:term":[{"taxonomy":"category","embeddable":true,"href":"https:\/\/www.europesays.com\/fr\/wp-json\/wp\/v2\/categories?post=290196"},{"taxonomy":"post_tag","embeddable":true,"href":"https:\/\/www.europesays.com\/fr\/wp-json\/wp\/v2\/tags?post=290196"}],"curies":[{"name":"wp","href":"https:\/\/api.w.org\/{rel}","templated":true}]}}