{"id":290204,"date":"2025-08-02T00:30:14","date_gmt":"2025-08-02T00:30:14","guid":{"rendered":"https:\/\/www.europesays.com\/fr\/290204\/"},"modified":"2025-08-02T00:30:14","modified_gmt":"2025-08-02T00:30:14","slug":"les-enfants-de-9-a-14-ans-volent-des-ordinateurs-et-extincteurs-dune-ecole-ils-avouent-a-la-police-ou-est-cache-le-butin","status":"publish","type":"post","link":"https:\/\/www.europesays.com\/fr\/290204\/","title":{"rendered":"Les enfants de 9 \u00e0 14 ans volent des ordinateurs et extincteurs d&rsquo;une \u00e9cole, ils avouent \u00e0 la police o\u00f9 est cach\u00e9 le butin"},"content":{"rendered":"<p class=\"article__intro\">Six enfants ont \u00e9t\u00e9 interpell\u00e9s dans le quartier des Pradettes, \u00e0 Toulouse, jeudi 31 juillet, pour avoir vol\u00e9 du mat\u00e9riel dans une \u00e9cole maternelle et un coll\u00e8ge.<\/p>\n<p>\n      La Quotidienne Soci\u00e9t\u00e9\n    <\/p>\n<p>\n      De la vie quotidienne aux grands enjeux, recevez tous les jours les sujets qui font la soci\u00e9t\u00e9 locale, comme la justice, l\u2019\u00e9ducation, la sant\u00e9 et la famille.\n    <\/p>\n<p>    France T\u00e9l\u00e9visions utilise votre adresse e-mail afin de vous envoyer la newsletter \u00ab\u00a0La Quotidienne Soci\u00e9t\u00e9\u00a0\u00bb. Vous pouvez vous d\u00e9sinscrire \u00e0 tout moment via le lien en bas de cette newsletter. <a target=\"_blank\" href=\"https:\/\/www.francetelevisions.fr\/groupe\/confidentialite\/politique-de-confidentialite\/politique-de-confidentialite-de-france-televisions-6503\" rel=\"nofollow noopener\">Notre politique de confidentialit\u00e9<\/a><\/p>\n<p>Six enfants, \u00e2g\u00e9s de 9 \u00e0 14 ans, ont \u00e9t\u00e9 interpell\u00e9s dans le quartier des Pradettes, \u00e0 Toulouse, jeudi 31 juillet, <a target=\"_blank\" rel=\"noopener noreferrer nofollow\" href=\"https:\/\/www.ladepeche.fr\/2025\/08\/01\/ordinateurs-extincteurs-six-enfants-interpelles-apres-des-cambriolages-dans-une-ecole-maternelle-et-un-college-12855816.php\">selon des informations de la D\u00e9p\u00eache<\/a>. Ils auraient vol\u00e9 du mat\u00e9riel informatique ainsi que des extincteurs dans l&rsquo;\u00e9cole maternelle Ferdinand-Lesseps.<\/p>\n<\/p>\n<p>Vers 20h30, les enfants sont aper\u00e7us devant l&rsquo;\u00e9tablissement, par un riverain, les bras charg\u00e9s de leur butin. L&rsquo;homme d\u00e9cide alors de pr\u00e9venir la police. Un \u00e9quipage de la<a target=\"_blank\" rel=\"noopener noreferrer nofollow\" href=\"https:\/\/www.police-nationale.interieur.gouv.fr\/nous-rejoindre\/nos-metiers\/policier-en-brigade-anti-criminalite-bac\"> Brigade anticriminalit\u00e9 (BAC)<\/a> se rend sur place. <\/p>\n<p>Face aux policiers, un des enfants craque et avoue l&rsquo;endroit o\u00f9 ils ont cach\u00e9 les objets vol\u00e9s : un local, rue Edmond-Haraucourt. Les policiers y retrouvent des ordinateurs, souris et extincteurs. L&rsquo;enqu\u00eate montre que, le m\u00eame soir, les enfants auraient d\u00e9grad\u00e9 et visit\u00e9 le <a target=\"_blank\" rel=\"noopener noreferrer nofollow\" href=\"https:\/\/www.education.gouv.fr\/annuaire\/31100\/toulouse\/college\/0312885t\/college-calandreta-del-pais-tolzan.html\">coll\u00e8ge rue Alex Coutet<\/a>.<\/p>\n<p>Ils sont retourn\u00e9s chez leur parent le soir m\u00eame et seront convoqu\u00e9s pour \u00eatre entendus au commissariat. Une proc\u00e9dure a \u00e9t\u00e9 ouverte.<\/p>\n","protected":false},"excerpt":{"rendered":"Six enfants ont \u00e9t\u00e9 interpell\u00e9s dans le quartier des Pradettes, \u00e0 Toulouse, jeudi 31 juillet, pour avoir vol\u00e9&hellip;\n","protected":false},"author":2,"featured_media":290205,"comment_status":"","ping_status":"","sticky":false,"template":"","format":"standard","meta":{"footnotes":""},"categories":[1888],"tags":[1111,1928,11,1927,1777,674,1011,27,12,1926,626,1925,25],"class_list":{"0":"post-290204","1":"post","2":"type-post","3":"status-publish","4":"format-standard","5":"has-post-thumbnail","7":"category-paris","8":"tag-actu","9":"tag-actu-paris","10":"tag-actualites","11":"tag-actualites-paris","12":"tag-eu","13":"tag-europe","14":"tag-fr","15":"tag-france","16":"tag-news","17":"tag-news-paris","18":"tag-paris","19":"tag-paris-news","20":"tag-republique-francaise"},"share_on_mastodon":{"url":"https:\/\/pubeurope.com\/@fr\/114956351849282558","error":""},"_links":{"self":[{"href":"https:\/\/www.europesays.com\/fr\/wp-json\/wp\/v2\/posts\/290204","targetHints":{"allow":["GET"]}}],"collection":[{"href":"https:\/\/www.europesays.com\/fr\/wp-json\/wp\/v2\/posts"}],"about":[{"href":"https:\/\/www.europesays.com\/fr\/wp-json\/wp\/v2\/types\/post"}],"author":[{"embeddable":true,"href":"https:\/\/www.europesays.com\/fr\/wp-json\/wp\/v2\/users\/2"}],"replies":[{"embeddable":true,"href":"https:\/\/www.europesays.com\/fr\/wp-json\/wp\/v2\/comments?post=290204"}],"version-history":[{"count":0,"href":"https:\/\/www.europesays.com\/fr\/wp-json\/wp\/v2\/posts\/290204\/revisions"}],"wp:featuredmedia":[{"embeddable":true,"href":"https:\/\/www.europesays.com\/fr\/wp-json\/wp\/v2\/media\/290205"}],"wp:attachment":[{"href":"https:\/\/www.europesays.com\/fr\/wp-json\/wp\/v2\/media?parent=290204"}],"wp:term":[{"taxonomy":"category","embeddable":true,"href":"https:\/\/www.europesays.com\/fr\/wp-json\/wp\/v2\/categories?post=290204"},{"taxonomy":"post_tag","embeddable":true,"href":"https:\/\/www.europesays.com\/fr\/wp-json\/wp\/v2\/tags?post=290204"}],"curies":[{"name":"wp","href":"https:\/\/api.w.org\/{rel}","templated":true}]}}