{"id":290206,"date":"2025-08-02T00:31:14","date_gmt":"2025-08-02T00:31:14","guid":{"rendered":"https:\/\/www.europesays.com\/fr\/290206\/"},"modified":"2025-08-02T00:31:14","modified_gmt":"2025-08-02T00:31:14","slug":"un-proces-pour-viol-requis-contre-le-footballeur-du-psg-achraf-hakimi","status":"publish","type":"post","link":"https:\/\/www.europesays.com\/fr\/290206\/","title":{"rendered":"Un proc\u00e8s pour viol requis contre le footballeur du PSG Achraf Hakimi"},"content":{"rendered":"<p>Le parquet de Nanterre a requis le renvoi \u00abdevant la cour criminelle d\u00e9partementale des Hauts-de-Seine du chef de viol\u00bb de la star du Paris-Saint-Germain, accus\u00e9e de viol par une jeune femme de 24 ans depuis le mois de f\u00e9vrier 2023. Des accusations que le footballeur a toujours ni\u00e9es.<\/p>\n<p class=\"fig-paragraph\">Ce vendredi, le parquet de Nanterre vient de r\u00e9clamer la\u00a0<a href=\"http:\/\/www.lefigaro.fr\/sports\/football\/ligue-1\/quand-on-a-du-succes-on-devient-une-cible-facile-hakimi-psg-s-exprime-sur-l-accusation-de-viol-contre-lui-20250115\" data-fig-type=\"NewsFlash\" data-gtm-custom-categorie=\"navigation\" data-gtm-custom-action=\"crossclick\" data-gtm-custom-label=\"Contextuel\" data-gtm-event=\"customEventSPE\" data-fig-domain=\"LEFIGARO\" rel=\"nofollow noopener\" target=\"_blank\">mise en accusation<\/a>\u00a0d\u2019Achraf Hakimi \u00abdevant la cour criminelle d\u00e9partementale des Hauts-de-Seine du chef de viol\u00bb, a appris Le Figaro de la vice-procureure de Nanterre, confirmant une information du Parisien. Il appartiendra d\u00e9sormais au juge d\u2019instruction en charge de l\u2019information judiciaire de prendre sa d\u00e9cision dans le cadre de son ordonnance et de l\u2019ouverture, ou non, d\u2019un proc\u00e8s pour viol.<\/p>\n<p class=\"fig-paragraph\">Selon la plaignante, une jeune femme \u00e2g\u00e9e de 24 ans, le joueur marocain l\u2019aurait invit\u00e9e \u00e0 son domicile de Boulogne-Billancourt un soir de f\u00e9vrier 2023 apr\u00e8s avoir \u00e9chang\u00e9 des messages sur les r\u00e9seaux sociaux. L\u00e0, la situation aurait rapidement d\u00e9g\u00e9n\u00e9r\u00e9 jusqu\u2019\u00e0 ce que le footballeur lui impose un viol. Peu apr\u00e8s, la jeune femme a d\u00e9nonc\u00e9 ces faits dans un commissariat de la r\u00e9gion parisienne, o\u00f9 elle n\u2019a toutefois pas d\u00e9pos\u00e9 plainte. L\u2019enqu\u00eate pr\u00e9liminaire a toutefois r\u00e9v\u00e9l\u00e9 des messages de la pr\u00e9sum\u00e9e victime envoy\u00e9s \u00e0 ses amis t\u00e9moignant de son \u00e9tat traumatique.<\/p>\n<p>                                    <a class=\"fig-a11y-skip a11y-hidden\" href=\"#fig-a11y-skip-main-inarticle\"><br \/>\n        Passer la publicit\u00e9<br \/>\n    <\/a><\/p>\n<p>Des r\u00e9quisitions \u00abincompr\u00e9hensibles et insens\u00e9es\u00bb<\/p>\n<p class=\"fig-paragraph\">Apr\u00e8s l\u2019ouverture de cette enqu\u00eate par le parquet de Nanterre, Achraf Hakimi avait \u00e9t\u00e9\u00a0<a href=\"http:\/\/www.lefigaro.fr\/sports\/football\/ligue-1\/psg-mis-en-examen-pour-viol-hakimi-manque-l-entrainement-dans-le-cadre-de-la-procedure-judiciaire-20231208\" data-fig-type=\"NewsFlash\" data-gtm-custom-categorie=\"navigation\" data-gtm-custom-action=\"crossclick\" data-gtm-custom-label=\"Contextuel\" data-gtm-event=\"customEventSPE\" data-fig-domain=\"LEFIGARO\" rel=\"nofollow noopener\" target=\"_blank\">mis en examen<\/a>\u00a0pour viol le 3 mars 2023 et plac\u00e9 sous contr\u00f4le judiciaire. Durant ses auditions, le lat\u00e9ral droit a toujours ni\u00e9 les faits reproch\u00e9s d\u00e9non\u00e7ant une machination financi\u00e8re \u00e0 son encontre. La d\u00e9cision du parquet ce vendredi rouvre cette d\u00e9licate affaire, tant pour le joueur que pour le club parisien tout juste champion d\u2019Europe. En cas d\u2019ouverture d\u2019un proc\u00e8s pour viol, l\u2019international marocain risque jusqu\u2019\u00e0 quinze ans de prison.<\/p>\n<p class=\"fig-paragraph\">Contact\u00e9e par l\u2019AFP, l\u2019avocate du joueur, Me Fanny Colin, a estim\u00e9 ces r\u00e9quisitions \u00abincompr\u00e9hensibles et insens\u00e9es au regard des \u00e9l\u00e9ments du dossier\u00bb. \u00abNous demeurons avec Achraf Hakimi aussi sereins qu\u2019\u00e0 l\u2019ouverture de la proc\u00e9dure. Si ces r\u00e9quisitions devaient \u00eatre suivies, nous exercerions \u00e9videmment toutes les voies de recours\u00bb, a-t-elle abond\u00e9. \u00abMa cliente accueille cette nouvelle avec un immense soulagement\u00bb, a quant \u00e0 elle d\u00e9clar\u00e9 \u00e0 l\u2019AFP Me Rachel-Flore Pardo, avocate de la partie civile.<\/p>\n","protected":false},"excerpt":{"rendered":"Le parquet de Nanterre a requis le renvoi \u00abdevant la cour criminelle d\u00e9partementale des Hauts-de-Seine du chef de&hellip;\n","protected":false},"author":2,"featured_media":290207,"comment_status":"","ping_status":"","sticky":false,"template":"","format":"standard","meta":{"footnotes":""},"categories":[1888],"tags":[14568,1111,1928,11,1927,1777,674,1011,27,10963,12,1926,626,1925,25,1265],"class_list":{"0":"post-290206","1":"post","2":"type-post","3":"status-publish","4":"format-standard","5":"has-post-thumbnail","7":"category-paris","8":"tag-achraf-hakimi","9":"tag-actu","10":"tag-actu-paris","11":"tag-actualites","12":"tag-actualites-paris","13":"tag-eu","14":"tag-europe","15":"tag-fr","16":"tag-france","17":"tag-nanterre","18":"tag-news","19":"tag-news-paris","20":"tag-paris","21":"tag-paris-news","22":"tag-republique-francaise","23":"tag-viol"},"share_on_mastodon":{"url":"https:\/\/pubeurope.com\/@fr\/114956355741509682","error":""},"_links":{"self":[{"href":"https:\/\/www.europesays.com\/fr\/wp-json\/wp\/v2\/posts\/290206","targetHints":{"allow":["GET"]}}],"collection":[{"href":"https:\/\/www.europesays.com\/fr\/wp-json\/wp\/v2\/posts"}],"about":[{"href":"https:\/\/www.europesays.com\/fr\/wp-json\/wp\/v2\/types\/post"}],"author":[{"embeddable":true,"href":"https:\/\/www.europesays.com\/fr\/wp-json\/wp\/v2\/users\/2"}],"replies":[{"embeddable":true,"href":"https:\/\/www.europesays.com\/fr\/wp-json\/wp\/v2\/comments?post=290206"}],"version-history":[{"count":0,"href":"https:\/\/www.europesays.com\/fr\/wp-json\/wp\/v2\/posts\/290206\/revisions"}],"wp:featuredmedia":[{"embeddable":true,"href":"https:\/\/www.europesays.com\/fr\/wp-json\/wp\/v2\/media\/290207"}],"wp:attachment":[{"href":"https:\/\/www.europesays.com\/fr\/wp-json\/wp\/v2\/media?parent=290206"}],"wp:term":[{"taxonomy":"category","embeddable":true,"href":"https:\/\/www.europesays.com\/fr\/wp-json\/wp\/v2\/categories?post=290206"},{"taxonomy":"post_tag","embeddable":true,"href":"https:\/\/www.europesays.com\/fr\/wp-json\/wp\/v2\/tags?post=290206"}],"curies":[{"name":"wp","href":"https:\/\/api.w.org\/{rel}","templated":true}]}}