{"id":290208,"date":"2025-08-02T00:32:13","date_gmt":"2025-08-02T00:32:13","guid":{"rendered":"https:\/\/www.europesays.com\/fr\/290208\/"},"modified":"2025-08-02T00:32:13","modified_gmt":"2025-08-02T00:32:13","slug":"previsions-du-samedi-2-aout-2025-6","status":"publish","type":"post","link":"https:\/\/www.europesays.com\/fr\/290208\/","title":{"rendered":"pr\u00e9visions du samedi 2 ao\u00fbt 2025"},"content":{"rendered":"<p>Une am\u00e9lioration est annonc\u00e9e dans la journ\u00e9e \u00e0 Paris, o\u00f9 les nuages vont se disperser. Les temp\u00e9ratures seront comprises entre 15 et 22\u00b0C. Le matin, un l\u00e9ger vent de nord-ouest sera ressenti par les habitants. L&rsquo;apr\u00e8s-midi, le mercure affichera 22\u00b0C en moyenne. Le soir, le vent va peu \u00e0 peu \u00e9loigner les nuages. Le passage de samedi \u00e0 dimanche s&rsquo;effectuera sous un ciel d\u00e9pourvu de nuages.<\/p>\n<p>L&rsquo;air ambiant va se r\u00e9chauffer demain \u00e0 Paris avec une hausse de quelques degr\u00e9s. Il fera 20\u00b0C en moyenne. Un vent de nord-ouest rafra\u00eechira sensiblement l&rsquo;atmosph\u00e8re. Un beau soleil est pr\u00e9vu le matin. La ville aura quelques \u00e9claircies demain apr\u00e8s-midi. Les temp\u00e9ratures vont conna\u00eetre une augmentation de plusieurs degr\u00e9s. Les valeurs s&rsquo;\u00e9chelonneront entre 25 et 27\u00b0C. Il va faire environ 24\u00b0C, demain soir.<\/p>\n<p>Peu d&rsquo;\u00e9volutions pour la suite. Le temps sera ensoleill\u00e9 avec des temp\u00e9ratures avoisinant 29\u00b0C.<\/p>\n<p><\/p>\n","protected":false},"excerpt":{"rendered":"Une am\u00e9lioration est annonc\u00e9e dans la journ\u00e9e \u00e0 Paris, o\u00f9 les nuages vont se disperser. Les temp\u00e9ratures seront&hellip;\n","protected":false},"author":2,"featured_media":290209,"comment_status":"","ping_status":"","sticky":false,"template":"","format":"standard","meta":{"footnotes":""},"categories":[1888],"tags":[11,1777,674,1011,27,662,12,626,2119,25],"class_list":{"0":"post-290208","1":"post","2":"type-post","3":"status-publish","4":"format-standard","5":"has-post-thumbnail","7":"category-paris","8":"tag-actualites","9":"tag-eu","10":"tag-europe","11":"tag-fr","12":"tag-france","13":"tag-ile-de-france","14":"tag-news","15":"tag-paris","16":"tag-previsions-meteo","17":"tag-republique-francaise"},"share_on_mastodon":{"url":"https:\/\/pubeurope.com\/@fr\/114956359678057248","error":""},"_links":{"self":[{"href":"https:\/\/www.europesays.com\/fr\/wp-json\/wp\/v2\/posts\/290208","targetHints":{"allow":["GET"]}}],"collection":[{"href":"https:\/\/www.europesays.com\/fr\/wp-json\/wp\/v2\/posts"}],"about":[{"href":"https:\/\/www.europesays.com\/fr\/wp-json\/wp\/v2\/types\/post"}],"author":[{"embeddable":true,"href":"https:\/\/www.europesays.com\/fr\/wp-json\/wp\/v2\/users\/2"}],"replies":[{"embeddable":true,"href":"https:\/\/www.europesays.com\/fr\/wp-json\/wp\/v2\/comments?post=290208"}],"version-history":[{"count":0,"href":"https:\/\/www.europesays.com\/fr\/wp-json\/wp\/v2\/posts\/290208\/revisions"}],"wp:featuredmedia":[{"embeddable":true,"href":"https:\/\/www.europesays.com\/fr\/wp-json\/wp\/v2\/media\/290209"}],"wp:attachment":[{"href":"https:\/\/www.europesays.com\/fr\/wp-json\/wp\/v2\/media?parent=290208"}],"wp:term":[{"taxonomy":"category","embeddable":true,"href":"https:\/\/www.europesays.com\/fr\/wp-json\/wp\/v2\/categories?post=290208"},{"taxonomy":"post_tag","embeddable":true,"href":"https:\/\/www.europesays.com\/fr\/wp-json\/wp\/v2\/tags?post=290208"}],"curies":[{"name":"wp","href":"https:\/\/api.w.org\/{rel}","templated":true}]}}