{"id":290214,"date":"2025-08-02T00:35:15","date_gmt":"2025-08-02T00:35:15","guid":{"rendered":"https:\/\/www.europesays.com\/fr\/290214\/"},"modified":"2025-08-02T00:35:15","modified_gmt":"2025-08-02T00:35:15","slug":"guerre-en-ukraine-berlin-annonce-la-livraison-de-deux-batteries-antimissiles-patriot-a-kiev-01-08-2025-a-1301","status":"publish","type":"post","link":"https:\/\/www.europesays.com\/fr\/290214\/","title":{"rendered":"Guerre en Ukraine : Berlin annonce la livraison de deux batteries antimissiles Patriot \u00e0 Kiev &#8211; 01\/08\/2025 \u00e0 13:01"},"content":{"rendered":"<p>        <img fetchpriority=\"high\" decoding=\"async\" src=\"https:\/\/www.europesays.com\/fr\/wp-content\/uploads\/2025\/08\/d87e15a7345b5a1b4db0bdca67dbf739-760x484.jpg\" alt=\"Le pr\u00e9sident ukrainien Volodymyr Zelensky, le ministre allemand de la D\u00e9fense Boris Pistorius (de droite \u00e0 droite) aux c\u00f4t\u00e9s de soldats ukrainiens et allemands lors d'une visite dans une zone d'entra\u00eenement militaire \u00e0 Mecklembourg-Pom\u00e9ranie-Occidentale (Allemagne), le 11 juin 2024. ( POOL \/ JENS BUTTNER )\" loading=\"eager\" width=\"760\" height=\"484\" style=\"max-width: 100%!important; height: auto;\"\/><\/p>\n<p class=\"c-image-news__legend\">Le pr\u00e9sident ukrainien Volodymyr Zelensky, le ministre allemand de la D\u00e9fense Boris Pistorius (de droite \u00e0 droite) aux c\u00f4t\u00e9s de soldats ukrainiens et allemands lors d&rsquo;une visite dans une zone d&rsquo;entra\u00eenement militaire \u00e0 Mecklembourg-Pom\u00e9ranie-Occidentale (Allemagne), le 11 juin 2024. ( POOL \/ JENS BUTTNER )<\/p>\n<p> Depuis 2022, l&rsquo;Allemagne a envoy\u00e9 trois batteries Patriot \u00e0 l&rsquo;Ukraine.<\/p>\n<p>\n Aux termes d&rsquo;un accord trouv\u00e9 avec Washington, l&rsquo;arm\u00e9e allemande pourra livrer<br \/>\n <strong><br \/>\n  \u00ab\u00a0dans les prochains jours des lanceurs Patriot \u00e0 l&rsquo;Ukraine, puis dans un deuxi\u00e8me temps d&rsquo;autres composants du syst\u00e8me au cours des deux \u00e0 trois prochains mois\u00a0\u00bb<br \/>\n <\/strong><br \/>\n , a indiqu\u00e9 le minist\u00e8re allemand de la D\u00e9fense dans un communiqu\u00e9.\n<\/p>\n<p>\n Ces derni\u00e8res semaines, l&rsquo;Allemagne s&rsquo;\u00e9tait dite pr\u00eate \u00e0 livrer \u00e0 Kiev deux syst\u00e8mes Patriot, en puisant sur le propre stock de son arm\u00e9e, \u00e0 condition toutefois que les Etats-Unis lui donne un engagement ferme pour les remplacer rapidement.\n<\/p>\n<p>\n <strong><br \/>\n  \u00ab\u00a0Les Etats-Unis ont donn\u00e9 leur accord (&#8230;) pour que le fabricant am\u00e9ricain livre en contrepartie de nouveaux syst\u00e8mes dans les plus brefs d\u00e9lais\u00a0\u00bb<br \/>\n <\/strong><br \/>\n , a indiqu\u00e9 le ministre allemand de la D\u00e9fense, Boris Pistorius, cit\u00e9 dans le communiqu\u00e9.\n<\/p>\n<p>\n Consid\u00e9r\u00e9s comme l&rsquo;un des meilleurs dispositifs de d\u00e9fense pour leur capacit\u00e9 \u00e0 abattre des drones et des missiles meurtriers, les Patriot sont fabriqu\u00e9s par l&rsquo;entreprise am\u00e9ricaine d&rsquo;a\u00e9ronautique et de d\u00e9fense Raytheon.\n<\/p>\n<p>\n D&rsquo;autres pays europ\u00e9ens vont participer au financement de la livraison de Patriot\n<\/p>\n<p> Livraison du Patriot : des pays europ\u00e9ens vont participer \u00e0 son financement<\/p>\n<p>\n \u00ab\u00a0Avec la solution qui vient d&rsquo;\u00eatre convenue, l&rsquo;Allemagne prend les devants afin de r\u00e9pondre rapidement aux besoins actuellement tr\u00e8s urgents de l&rsquo;Ukraine\u00a0\u00bb, ajoute Boris Pistorius.\n<\/p>\n<p>\n Apr\u00e8s les Etats-Unis, l&rsquo;Allemagne est le principal pourvoyeur d&rsquo;aide militaire \u00e0 Kiev.\n<\/p>\n<p>\n Berlin associe sa livraison de Patriot<br \/>\n <strong><br \/>\n  \u00ab\u00a0\u00e0 un appel \u00e0 nos partenaires pour qu&rsquo;ils fournissent \u00e0 leur tour d&rsquo;autres syst\u00e8mes dans les meilleurs d\u00e9lais\u00a0\u00bb<br \/>\n <\/strong><br \/>\n , poursuit le ministre allemand de la D\u00e9fense, pressant les autres pays de l&rsquo;Otan de mettre leurs engagements \u00e0 ex\u00e9cution.\n<\/p>\n<p>\n Parmi les membres de l&rsquo;Alliance, la Norv\u00e8ge, les Pays-Bas, le Danemark et la Su\u00e8de se sont dits pr\u00eats \u00e0 participer au financement de la livraison de Patriot, que les Etats-Unis sous la houlette de Donald Trump ne veulent plus fournir directement \u00e0 Kiev.\n<\/p>\n<p>\n <strong><br \/>\n  L&rsquo;Allemagne a d\u00e9j\u00e0 envoy\u00e9 trois batteries Patriot \u00e0 Kiev depuis f\u00e9vrier 2022<br \/>\n <\/strong><br \/>\n . Le stock restant de la Bundeswehr \u00e9tait donc de 9, dont deux stationn\u00e9s dans le sud-est de la Pologne pour prot\u00e9ger l&rsquo;a\u00e9roport de Rzesz\u00f3w, d&rsquo;o\u00f9 partent les livraisons d&rsquo;armes \u00e0 l&rsquo;Ukraine et un autre utilis\u00e9 pour former les soldats ukrainiens au sein de la Bundeswehr.<\/p>\n","protected":false},"excerpt":{"rendered":"Le pr\u00e9sident ukrainien Volodymyr Zelensky, le ministre allemand de la D\u00e9fense Boris Pistorius (de droite \u00e0 droite) aux&hellip;\n","protected":false},"author":2,"featured_media":290215,"comment_status":"","ping_status":"","sticky":false,"template":"","format":"standard","meta":{"footnotes":""},"categories":[1590],"tags":[400,11,398,408,405,1777,674,403,402,399,404,12,401,406,220,407],"class_list":{"0":"post-290214","1":"post","2":"type-post","3":"status-publish","4":"format-standard","5":"has-post-thumbnail","7":"category-ukraine","8":"tag-action-cac-40","9":"tag-actualites","10":"tag-bourse-de-paris","11":"tag-boursorama","12":"tag-cotations","13":"tag-eu","14":"tag-europe","15":"tag-indices-devises","16":"tag-investir","17":"tag-investissement","18":"tag-marche-boursier","19":"tag-news","20":"tag-sicav","21":"tag-trackers","22":"tag-ukraine","23":"tag-warrants"},"share_on_mastodon":{"url":"https:\/\/pubeurope.com\/@fr\/114956371585919087","error":""},"_links":{"self":[{"href":"https:\/\/www.europesays.com\/fr\/wp-json\/wp\/v2\/posts\/290214","targetHints":{"allow":["GET"]}}],"collection":[{"href":"https:\/\/www.europesays.com\/fr\/wp-json\/wp\/v2\/posts"}],"about":[{"href":"https:\/\/www.europesays.com\/fr\/wp-json\/wp\/v2\/types\/post"}],"author":[{"embeddable":true,"href":"https:\/\/www.europesays.com\/fr\/wp-json\/wp\/v2\/users\/2"}],"replies":[{"embeddable":true,"href":"https:\/\/www.europesays.com\/fr\/wp-json\/wp\/v2\/comments?post=290214"}],"version-history":[{"count":0,"href":"https:\/\/www.europesays.com\/fr\/wp-json\/wp\/v2\/posts\/290214\/revisions"}],"wp:featuredmedia":[{"embeddable":true,"href":"https:\/\/www.europesays.com\/fr\/wp-json\/wp\/v2\/media\/290215"}],"wp:attachment":[{"href":"https:\/\/www.europesays.com\/fr\/wp-json\/wp\/v2\/media?parent=290214"}],"wp:term":[{"taxonomy":"category","embeddable":true,"href":"https:\/\/www.europesays.com\/fr\/wp-json\/wp\/v2\/categories?post=290214"},{"taxonomy":"post_tag","embeddable":true,"href":"https:\/\/www.europesays.com\/fr\/wp-json\/wp\/v2\/tags?post=290214"}],"curies":[{"name":"wp","href":"https:\/\/api.w.org\/{rel}","templated":true}]}}