{"id":290224,"date":"2025-08-02T00:40:18","date_gmt":"2025-08-02T00:40:18","guid":{"rendered":"https:\/\/www.europesays.com\/fr\/290224\/"},"modified":"2025-08-02T00:40:18","modified_gmt":"2025-08-02T00:40:18","slug":"jai-eu-envie-de-baisser-les-bras-et-de-mourir-piquee-par-une-tique-lors-dune-randonnee-claire-souffre-de-la-maladie-de-lyme","status":"publish","type":"post","link":"https:\/\/www.europesays.com\/fr\/290224\/","title":{"rendered":"\u00ab\u00a0J\u2019ai eu envie de baisser les bras et de mourir\u00a0\u00bb\u00a0: piqu\u00e9e par une tique lors d\u2019une randonn\u00e9e, Claire souffre de la maladie de Lyme"},"content":{"rendered":"<p>  \tLe chanteur am\u00e9ricain Justin Timberlake annonce \u00e0 ses fans qu\u2019il souffre de la maladie de Lyme. Une affection, parfois tr\u00e8s douloureuse, et due \u00e0 une bact\u00e9rie transmise \u00e0 l\u2019\u00eatre humain par des tiques infect\u00e9es. Il y en a beaucoup, en ce moment, notamment en Belgique.<\/p>\n<p>&#13;<br \/>\n&#13;<\/p>\n<p>Dans ce dossier, le r\u00e9sultat de plusieurs mois d\u2019errance m\u00e9dicale. Tout commence en 2023. Claire est en randonn\u00e9e en Italie lorsqu\u2019elle se fait piquer par une tique. Au d\u00e9but, pas de signaux d\u2019alerte si ce n\u2019est une \u00e9ruption cutan\u00e9e rouge. Mais quelques semaines plus tard, d\u2019autres sympt\u00f4mes commencent \u00e0 se d\u00e9velopper.<\/p>\n<p>\u00ab\u00a0J\u2019ai commenc\u00e9 \u00e0 avoir la t\u00eate qui tourne tr\u00e8s tr\u00e8s fort, \u00e0 un point tel que par moments je ne pouvais pas me relever, raconte-t-elle. Des acouph\u00e8nes sont arriv\u00e9es, mes tympans \u00e9taient tellement en tension que j\u2019ai eu l\u2019impression d\u2019\u00eatre en altitude\u00a0\u00bb.<\/p>\n<p>&#13;<br \/>\n&#13;<\/p>\n<p>&#13;<br \/>\n&#13;<\/p>\n<p>  &#13;<br \/>\n  \u00c0 lire aussi&#13;<br \/>\n  &#13;<\/p>\n<p>  <img decoding=\"async\" data-copyright=\"AFP\" class=\"r-img\"  typeof=\"foaf:Image\" src=\"https:\/\/www.europesays.com\/fr\/wp-content\/uploads\/2025\/08\/46234017.jpeg\" alt=\"Justin Timberlake lors d\u2019un concert \u00e0 Stockholm en 2016.\"\/><br \/>\n        <a class=\"r-stories--link\" href=\"https:\/\/www.rtl.be\/people\/news\/critique-pour-son-manque-denergie-sur-scene-justin-timberlake-annonce-souffrir\/2025-08-01\/article\/758489\" rel=\"nofollow noopener\" target=\"_blank\">Critiqu\u00e9 pour son manque d\u2019\u00e9nergie sur sc\u00e8ne, Justin Timberlake annonce souffrir de la maladie de Lyme<\/a>&#13;<br \/>\n  &#13;<br \/>\n&#13;<\/p>\n<p>Rapidement, l\u2019\u00e9tat de sant\u00e9 de Claire se d\u00e9t\u00e9riore. Apr\u00e8s plusieurs mois, les m\u00e9decins lui d\u00e9tectent enfin la maladie de Lyme. Elle prend alors un antibiotique, mais deux ans apr\u00e8s, les s\u00e9quelles sont toujours l\u00e0.<\/p>\n<p>\u00ab\u00a0Il y a des jours que je passe encore au lit, des jours o\u00f9 que je passe sur le divan. Dans le meilleur des cas, je vais marcher un ou deux ou trois kilom\u00e8tres.\u00a0\u00bb, raconte-t-elle. Et Claire de confier\u00a0: \u00ab\u00a0C\u2019est vraiment un d\u00e9sespoir qui s\u2019installe. Je peux m\u00eame vous dire qu\u2019\u00e0 certains moments, j\u2019ai eu vraiment l\u2019envie de baisser les bras et de mourir\u00a0\u00bb.<\/p>\n<p>Le cas de Claire est rare. Dans la grande majorit\u00e9 des cas, le traitement antibiotique est efficace si la maladie est d\u00e9tect\u00e9e t\u00f4t. Chez nous, 10 000 cas sont diagnostiqu\u00e9s chaque ann\u00e9e. A l\u2019origine, la bact\u00e9rie Borrelia, une bact\u00e9rie transmise par des tiques. \u00ab\u00a0La tique peut nous piquer soit quand elle est au stade de nymphes, les toutes petites difficiles \u00e0 voir, soit de tiques adultes. Et au bout d\u2019\u00e0 peu pr\u00e8s 24 heures, si on la laisse fixer sur place, elle peut transmettre cette bact\u00e9rie qui va circuler dans le sang\u00a0\u00bb, explique le docteur Yves Van Laethem, infectiologue.<\/p>\n<p>&#13;<br \/>\n&#13;<\/p>\n<p>  &#13;<br \/>\n  \u00c0 lire aussi&#13;<br \/>\n  &#13;<\/p>\n<p>  <img decoding=\"async\" class=\"r-img\"  typeof=\"foaf:Image\" src=\"https:\/\/www.europesays.com\/fr\/wp-content\/uploads\/2025\/08\/dylan_lyme_0.jpg\" alt=\"dylan_lyme\"\/><br \/>\n        <a class=\"r-stories--link\" href=\"https:\/\/www.rtl.be\/actu\/vos-temoignages\/un-parcours-du-combattant-pour-trouver-une-solution-dylan-atteint-de-la-maladie\/2025-05-18\/article\/748832\" rel=\"nofollow noopener\" target=\"_blank\">\u00ab\u00a0Un parcours du combattant pour trouver une solution\u00a0\u00bb: Dylan atteint de la maladie de Lyme t\u00e9moigne<\/a>&#13;<br \/>\n  &#13;<br \/>\n&#13;<\/p>\n<p>En Belgique, 15\u00a0% des tiques sont porteuses de cette bact\u00e9rie. Mais dans certaines r\u00e9gions, la bact\u00e9rie Borrelia est plus r\u00e9pandue, comme dans les provinces d\u2019Anvers, du Limbourg, du Brabant flamand ou encore la province de Luxembourg. Ces tiques se trouvent souvent dans des zones avec une v\u00e9g\u00e9tation dense. En cas de piq\u00fbre, le premier r\u00e9flexe est de les retirer avec pr\u00e9caution, mais surtout, rester vigilant \u00e0 certains sympt\u00f4mes sp\u00e9cifiques. \u00ab\u00a0Les premiers sympt\u00f4mes qui d\u2019habitude sont l\u00e0 au bout d\u2019une semaine ou deux, c\u2019est une tache rouge qui s\u2019\u00e9tend sur plus que 5 cm. Elle ne chatouille pas, elle ne fait pas mal au point de la piq\u00fbre. Elle se pr\u00e9sente chez \u00e0 peu pr\u00e8s 80\u00a0% des gens\u00a0\u00bb, indique Yves Van Laethem.<\/p>\n<p>Dans de rares cas, la maladie de Lyme peut \u00e9galement affecter les nerfs et entra\u00eener des complications neurologiques. La plupart des cas sont rapport\u00e9s principalement de juin \u00e0 octobre, p\u00e9riode lors de laquelle les tiques sont les plus actives.<\/p>\n<p>&#13;<br \/>\n&#13;<\/p>\n<p>&#13;<br \/>\n&#13;<\/p>\n","protected":false},"excerpt":{"rendered":"Le chanteur am\u00e9ricain Justin Timberlake annonce \u00e0 ses fans qu\u2019il souffre de la maladie de Lyme. Une affection,&hellip;\n","protected":false},"author":2,"featured_media":290225,"comment_status":"","ping_status":"","sticky":false,"template":"","format":"standard","meta":{"footnotes":""},"categories":[1586],"tags":[29950,11,1777,674,1779,1011,27,12,25,1778,364],"class_list":{"0":"post-290224","1":"post","2":"type-post","3":"status-publish","4":"format-standard","5":"has-post-thumbnail","7":"category-europe","8":"tag-nodefield_freetags","9":"tag-actualites","10":"tag-eu","11":"tag-europe","12":"tag-european-union","13":"tag-fr","14":"tag-france","15":"tag-news","16":"tag-republique-francaise","17":"tag-ue","18":"tag-union-europeenne"},"share_on_mastodon":{"url":"https:\/\/pubeurope.com\/@fr\/114956391407485283","error":""},"_links":{"self":[{"href":"https:\/\/www.europesays.com\/fr\/wp-json\/wp\/v2\/posts\/290224","targetHints":{"allow":["GET"]}}],"collection":[{"href":"https:\/\/www.europesays.com\/fr\/wp-json\/wp\/v2\/posts"}],"about":[{"href":"https:\/\/www.europesays.com\/fr\/wp-json\/wp\/v2\/types\/post"}],"author":[{"embeddable":true,"href":"https:\/\/www.europesays.com\/fr\/wp-json\/wp\/v2\/users\/2"}],"replies":[{"embeddable":true,"href":"https:\/\/www.europesays.com\/fr\/wp-json\/wp\/v2\/comments?post=290224"}],"version-history":[{"count":0,"href":"https:\/\/www.europesays.com\/fr\/wp-json\/wp\/v2\/posts\/290224\/revisions"}],"wp:featuredmedia":[{"embeddable":true,"href":"https:\/\/www.europesays.com\/fr\/wp-json\/wp\/v2\/media\/290225"}],"wp:attachment":[{"href":"https:\/\/www.europesays.com\/fr\/wp-json\/wp\/v2\/media?parent=290224"}],"wp:term":[{"taxonomy":"category","embeddable":true,"href":"https:\/\/www.europesays.com\/fr\/wp-json\/wp\/v2\/categories?post=290224"},{"taxonomy":"post_tag","embeddable":true,"href":"https:\/\/www.europesays.com\/fr\/wp-json\/wp\/v2\/tags?post=290224"}],"curies":[{"name":"wp","href":"https:\/\/api.w.org\/{rel}","templated":true}]}}