{"id":290228,"date":"2025-08-02T00:42:18","date_gmt":"2025-08-02T00:42:18","guid":{"rendered":"https:\/\/www.europesays.com\/fr\/290228\/"},"modified":"2025-08-02T00:42:18","modified_gmt":"2025-08-02T00:42:18","slug":"mercato-om-a-deux-semaines-de-la-reprise-un-effectif-a-completer","status":"publish","type":"post","link":"https:\/\/www.europesays.com\/fr\/290228\/","title":{"rendered":"Mercato OM. \u00c0 deux semaines de la reprise, un effectif \u00e0 compl\u00e9ter"},"content":{"rendered":"<p>Le terrain, avec la reprise de l\u2019entra\u00eenement et<a href=\"https:\/\/www.laprovence.com\/article\/om\/1512827609099614\/om-les-olympiens-tiennent-en-echec-valence-1-1-avant-leur-retour-a-marseille\" target=\"_blank\" rel=\"noopener\"> les matches amicaux<\/a> ou le retour au V\u00e9lodrome ce soir contre S\u00e9ville n\u2019ont pas rel\u00e9gu\u00e9 au second plan l\u2019habituel feuilleton star de l\u2019\u00e9t\u00e9 marseillais, surtout depuis la prise de pouvoir de Pablo Longoria en\u00a02021\u00a0: le mercato. Depuis un an et demi, c\u2019est plut\u00f4t Medhi Benatia \u00e0 la baguette, en \u00e9troite collaboration avec son sup\u00e9rieur espagnol et Roberto De Zerbi, et le trio n\u2019a pas ch\u00f4m\u00e9, avec d\u00e9j\u00e0 cinq d\u00e9parts (Valentin Rongier, Quentin Merlin, Luis Henrique, Isma\u00ebl Kon\u00e9, Luiz Felipe, hors retours de pr\u00eat, options d\u2019achat lev\u00e9es ou fins de contrat) qui ont rapport\u00e9 environ 45\u00a0millions d\u2019euros, et cinq recrues qui ont co\u00fbt\u00e9 plus ou moins 50M\u20ac d\u2019indemnit\u00e9s.<\/p>\n","protected":false},"excerpt":{"rendered":"Le terrain, avec la reprise de l\u2019entra\u00eenement et les matches amicaux ou le retour au V\u00e9lodrome ce soir&hellip;\n","protected":false},"author":2,"featured_media":290229,"comment_status":"","ping_status":"","sticky":false,"template":"","format":"standard","meta":{"footnotes":""},"categories":[2],"tags":[17,11,4070,1011,27,1434,12,149,42925,9834,25,20432,42926],"class_list":{"0":"post-290228","1":"post","2":"type-post","3":"status-publish","4":"format-standard","5":"has-post-thumbnail","7":"category-actualites","8":"tag-17","9":"tag-actualites","10":"tag-deux","11":"tag-fr","12":"tag-france","13":"tag-mercato","14":"tag-news","15":"tag-om","16":"tag-ordonez","17":"tag-reprise","18":"tag-republique-francaise","19":"tag-semaines","20":"tag-weah"},"share_on_mastodon":{"url":"https:\/\/pubeurope.com\/@fr\/114956399008474452","error":""},"_links":{"self":[{"href":"https:\/\/www.europesays.com\/fr\/wp-json\/wp\/v2\/posts\/290228","targetHints":{"allow":["GET"]}}],"collection":[{"href":"https:\/\/www.europesays.com\/fr\/wp-json\/wp\/v2\/posts"}],"about":[{"href":"https:\/\/www.europesays.com\/fr\/wp-json\/wp\/v2\/types\/post"}],"author":[{"embeddable":true,"href":"https:\/\/www.europesays.com\/fr\/wp-json\/wp\/v2\/users\/2"}],"replies":[{"embeddable":true,"href":"https:\/\/www.europesays.com\/fr\/wp-json\/wp\/v2\/comments?post=290228"}],"version-history":[{"count":0,"href":"https:\/\/www.europesays.com\/fr\/wp-json\/wp\/v2\/posts\/290228\/revisions"}],"wp:featuredmedia":[{"embeddable":true,"href":"https:\/\/www.europesays.com\/fr\/wp-json\/wp\/v2\/media\/290229"}],"wp:attachment":[{"href":"https:\/\/www.europesays.com\/fr\/wp-json\/wp\/v2\/media?parent=290228"}],"wp:term":[{"taxonomy":"category","embeddable":true,"href":"https:\/\/www.europesays.com\/fr\/wp-json\/wp\/v2\/categories?post=290228"},{"taxonomy":"post_tag","embeddable":true,"href":"https:\/\/www.europesays.com\/fr\/wp-json\/wp\/v2\/tags?post=290228"}],"curies":[{"name":"wp","href":"https:\/\/api.w.org\/{rel}","templated":true}]}}