{"id":290234,"date":"2025-08-02T00:46:14","date_gmt":"2025-08-02T00:46:14","guid":{"rendered":"https:\/\/www.europesays.com\/fr\/290234\/"},"modified":"2025-08-02T00:46:14","modified_gmt":"2025-08-02T00:46:14","slug":"international-nic-white-met-un-terme-a-sa-carriere-internationale-ses-coequipiers-lui-rendent-hommage-avec-humour","status":"publish","type":"post","link":"https:\/\/www.europesays.com\/fr\/290234\/","title":{"rendered":"International &#8211; Nic White met un terme \u00e0 sa carri\u00e8re internationale, ses co\u00e9quipiers lui rendent hommage avec humour"},"content":{"rendered":"<p>\n                Le demi de m\u00eal\u00e9e australien Nic White a annonc\u00e9 que le troisi\u00e8me test face aux Lions britanniques et irlandais serait le dernier match de sa carri\u00e8re internationale. Pour lui rendre hommage, ses co\u00e9quipiers ont tous fi\u00e8rement arbor\u00e9 la moustache.\n            <\/p>\n<p>C&rsquo;est la fin d&rsquo;une \u00e8re en Australie. Alors que les Wallabies <strong><a href=\"https:\/\/www.rugbyrama.fr\/2025\/07\/31\/lions-britanniques-et-irlandais-la-composition-pour-le-dernier-test-match-kinghorn-titulaire-russell-enchaine-12853610.php\" target=\"_self\" rel=\"nofollow noopener\">s&rsquo;appr\u00eatent \u00e0 jouer leur troisi\u00e8me et dernier test<\/a><\/strong> face aux Lions britanniques et irlandais, leur demi de m\u00eal\u00e9e Nic White (35 ans, 72 s\u00e9lections) a annonc\u00e9 que ce match serait le dernier de sa carri\u00e8re international. Il expliquait \u00e0 travers un communiqu\u00e9 :\u00a0\u00ab\u00a0Il y a eu une grande concurrence pour le maillot 9 ici chez les Wallabies depuis plusieurs ann\u00e9es et il semble que le moment soit venu de passer le relais \u00e0 d&rsquo;autres bons jeunes joueurs qui auront besoin de temps de jeu\u00a0avant la Coupe du monde de rugby \u00e0 domicile en 2027.\u00a0\u00bb<\/p>\n<p>Des fausses moustaches en hommage<\/p>\n<p>Lanc\u00e9 avec les Wallabies d\u00e8s 2013, le num\u00e9ro 9 a notamment port\u00e9 le maillot de Montpellier pendant deux saisons, de 2015 \u00e0 2017.\u00a0Pour lui rendre hommage, ses co\u00e9quipiers\u00a0et m\u00eame le s\u00e9lectionneur Joe Schmidt ont arbor\u00e9 une fausse moustache toute la journ\u00e9e de vendredi.\u00a0Apr\u00e8s son dernier match samedi, White continuera \u00e0 s&rsquo;entra\u00eener avec la Western Force pour pr\u00e9parer le Super Rugby AUS qui d\u00e9butera en septembre.<\/p>\n","protected":false},"excerpt":{"rendered":"Le demi de m\u00eal\u00e9e australien Nic White a annonc\u00e9 que le troisi\u00e8me test face aux Lions britanniques et&hellip;\n","protected":false},"author":2,"featured_media":290235,"comment_status":"","ping_status":"","sticky":false,"template":"","format":"standard","meta":{"footnotes":""},"categories":[1416],"tags":[1011,27,479,1468,60],"class_list":{"0":"post-290234","1":"post","2":"type-post","3":"status-publish","4":"format-standard","5":"has-post-thumbnail","7":"category-rugby","8":"tag-fr","9":"tag-france","10":"tag-rugby","11":"tag-rugby-football","12":"tag-sports"},"share_on_mastodon":{"url":"https:\/\/pubeurope.com\/@fr\/114956414825035644","error":""},"_links":{"self":[{"href":"https:\/\/www.europesays.com\/fr\/wp-json\/wp\/v2\/posts\/290234","targetHints":{"allow":["GET"]}}],"collection":[{"href":"https:\/\/www.europesays.com\/fr\/wp-json\/wp\/v2\/posts"}],"about":[{"href":"https:\/\/www.europesays.com\/fr\/wp-json\/wp\/v2\/types\/post"}],"author":[{"embeddable":true,"href":"https:\/\/www.europesays.com\/fr\/wp-json\/wp\/v2\/users\/2"}],"replies":[{"embeddable":true,"href":"https:\/\/www.europesays.com\/fr\/wp-json\/wp\/v2\/comments?post=290234"}],"version-history":[{"count":0,"href":"https:\/\/www.europesays.com\/fr\/wp-json\/wp\/v2\/posts\/290234\/revisions"}],"wp:featuredmedia":[{"embeddable":true,"href":"https:\/\/www.europesays.com\/fr\/wp-json\/wp\/v2\/media\/290235"}],"wp:attachment":[{"href":"https:\/\/www.europesays.com\/fr\/wp-json\/wp\/v2\/media?parent=290234"}],"wp:term":[{"taxonomy":"category","embeddable":true,"href":"https:\/\/www.europesays.com\/fr\/wp-json\/wp\/v2\/categories?post=290234"},{"taxonomy":"post_tag","embeddable":true,"href":"https:\/\/www.europesays.com\/fr\/wp-json\/wp\/v2\/tags?post=290234"}],"curies":[{"name":"wp","href":"https:\/\/api.w.org\/{rel}","templated":true}]}}