{"id":290237,"date":"2025-08-02T00:49:59","date_gmt":"2025-08-02T00:49:59","guid":{"rendered":"https:\/\/www.europesays.com\/fr\/290237\/"},"modified":"2025-08-02T00:49:59","modified_gmt":"2025-08-02T00:49:59","slug":"marc-marquez-survole-le-sprint-du-gp-daragon","status":"publish","type":"post","link":"https:\/\/www.europesays.com\/fr\/290237\/","title":{"rendered":"Marc Marquez survole le sprint du GP d&rsquo;Aragon"},"content":{"rendered":"<p>L\u2019Espagnol Marc Marquez (Ducati) a remport\u00e9 sans trembler la course sprint du GP d\u2019Aragon, huiti\u00e8me manche sur 22 de la saison de MotoGP, samedi sur le circuit de Motorland Aragon (5,077 km) \u00e0 Alcaniz.<\/p>\n<p>Parti en pole position, le sextuple champion du monde motoGP a perdu la t\u00eate au premier virage mais n\u2019a pas laiss\u00e9 son fr\u00e8re cadet Alex Marquez (Ducati-Gresini) s\u2019\u00e9chapper et a finalement repris les commandes \u00e0 la mi-course pour ne plus les l\u00e2cher.<\/p>\n<p>Le rookie Fermin Aldeguer (Ducati-Gresini) compl\u00e8te un podium 100% espagnol et 100% Ducati.<\/p>\n<p>L\u2019Italien Franco Morbidelli (Ducati-VR46) a parachev\u00e9 la domination du constructeur italien en prenant la quatri\u00e8me place, devant l\u2019Espagnol Pedro Acosta (KTM) et son compatriote Fabio Di Giannantonio (Ducati-VR46).<\/p>\n<p>Marc Marquez, dominateur depuis le d\u00e9but du week-end, a enregistr\u00e9 sa septi\u00e8me victoire en huit sprints cette saison et visera le doubl\u00e9 dimanche sur le trac\u00e9 aragonais.<\/p>\n<p>Les Fran\u00e7ais Fabio Quartararo (Yamaha) et Johann Zarco (Honda-LCR) n\u2019ont pas r\u00e9ussi \u00e0 finir parmi les neuf premiers et \u00e0 inscrire des points en prenant respectivement les 11e et 16e places.<\/p>\n","protected":false},"excerpt":{"rendered":"L\u2019Espagnol Marc Marquez (Ducati) a remport\u00e9 sans trembler la course sprint du GP d\u2019Aragon, huiti\u00e8me manche sur 22&hellip;\n","protected":false},"author":2,"featured_media":290238,"comment_status":"","ping_status":"","sticky":false,"template":"","format":"standard","meta":{"footnotes":""},"categories":[1413],"tags":[1011,27,1457,1456,60],"class_list":{"0":"post-290237","1":"post","2":"type-post","3":"status-publish","4":"format-standard","5":"has-post-thumbnail","7":"category-moto","8":"tag-fr","9":"tag-france","10":"tag-moto","11":"tag-motocycle","12":"tag-sports"},"share_on_mastodon":{"url":"https:\/\/pubeurope.com\/@fr\/114956430460245016","error":""},"_links":{"self":[{"href":"https:\/\/www.europesays.com\/fr\/wp-json\/wp\/v2\/posts\/290237","targetHints":{"allow":["GET"]}}],"collection":[{"href":"https:\/\/www.europesays.com\/fr\/wp-json\/wp\/v2\/posts"}],"about":[{"href":"https:\/\/www.europesays.com\/fr\/wp-json\/wp\/v2\/types\/post"}],"author":[{"embeddable":true,"href":"https:\/\/www.europesays.com\/fr\/wp-json\/wp\/v2\/users\/2"}],"replies":[{"embeddable":true,"href":"https:\/\/www.europesays.com\/fr\/wp-json\/wp\/v2\/comments?post=290237"}],"version-history":[{"count":0,"href":"https:\/\/www.europesays.com\/fr\/wp-json\/wp\/v2\/posts\/290237\/revisions"}],"wp:featuredmedia":[{"embeddable":true,"href":"https:\/\/www.europesays.com\/fr\/wp-json\/wp\/v2\/media\/290238"}],"wp:attachment":[{"href":"https:\/\/www.europesays.com\/fr\/wp-json\/wp\/v2\/media?parent=290237"}],"wp:term":[{"taxonomy":"category","embeddable":true,"href":"https:\/\/www.europesays.com\/fr\/wp-json\/wp\/v2\/categories?post=290237"},{"taxonomy":"post_tag","embeddable":true,"href":"https:\/\/www.europesays.com\/fr\/wp-json\/wp\/v2\/tags?post=290237"}],"curies":[{"name":"wp","href":"https:\/\/api.w.org\/{rel}","templated":true}]}}