{"id":290245,"date":"2025-08-02T00:54:10","date_gmt":"2025-08-02T00:54:10","guid":{"rendered":"https:\/\/www.europesays.com\/fr\/290245\/"},"modified":"2025-08-02T00:54:10","modified_gmt":"2025-08-02T00:54:10","slug":"iris-mittenaere-nous-a-fait-faux-bond-la-verite-derriere-son-absence-dans-ninja-warrior-devoilee-par-christophe-beaugrand","status":"publish","type":"post","link":"https:\/\/www.europesays.com\/fr\/290245\/","title":{"rendered":"Iris Mittenaere \u00ab\u00a0nous a fait faux bond\u00a0\u00bb : la v\u00e9rit\u00e9 derri\u00e8re son absence dans \u00ab\u00a0Ninja Warrior\u00a0\u00bb d\u00e9voil\u00e9e par Christophe Beaugrand"},"content":{"rendered":"<p><a href=\"https:\/\/www.public.fr\/tag\/denis-brogniart\" target=\"_blank\" rel=\"noopener\">Denis Brogniart<\/a>, <a href=\"https:\/\/www.public.fr\/tag\/christophe-beaugrand\" target=\"_blank\" rel=\"noopener\">Christophe Beaugrand<\/a>, et Ana\u00efs Grangerac, pr\u00e9sentent la finale de <strong>\u00ab\u00a0Ninja Warrior\u00a0\u00bb <\/strong>ce vendredi 1er ao\u00fbt 2025 sur TF1. En effet, pour cette saison 9, <a href=\"https:\/\/www.public.fr\/tag\/iris-mittenaere\" target=\"_blank\" rel=\"noopener\">Iris Mittenaere<\/a> ne fait pas partie de l\u2019aventure. Une absence qui n\u2019\u00e9tait pas pr\u00e9vue au d\u00e9part.\u00a0<\/p>\n<p>Le 10 mars 2025, l\u2019ancienne Miss France annon\u00e7ait la mauvaise nouvelle sur ses r\u00e9seaux sociaux. \u00c0 cette date, elle officialisait en effet son absence de la neuvi\u00e8me saison de <strong>\u00ab\u00a0Ninja Warrior\u00a0\u00bb<\/strong> \u00e0 cause d\u2019un planning trop charg\u00e9.\u00a0<\/p>\n<p>Iris Mittenaere absente de la saison 9 de \u00ab\u00a0Ninja Warrior\u00a0\u00bb, elle a fait \u00ab\u00a0faux bond\u00a0\u00bb<\/p>\n<p>\u00ab\u00a0Cette ann\u00e9e, apr\u00e8s avoir check\u00e9 les calendriers, les plannings, etc, malheureusement, on s&rsquo;est rendu compte que c&rsquo;\u00e9tait sur des dates o\u00f9 j&rsquo;\u00e9tais d\u00e9j\u00e0 engag\u00e9e professionnellement. Donc, exceptionnellement cette ann\u00e9e \u2013 je sais, ne m&rsquo;en voulez pas \u2013,\u00a0<strong>je ne pourrai pas \u00eatre pr\u00e9sente sur le tournage<\/strong>\u00ab\u00a0,\u00a0regrettait Iris Mittenaere sur ses r\u00e9seaux sociaux.\u00a0<\/p>\n<p>En plus d\u2019avoir pr\u00e9sent\u00e9 ses excuses \u00e0 Denis Brogniart et Christophe Beaugrand, l\u2019ex-reine de beaut\u00e9 assurait que cet emp\u00eachement la rendait tr\u00e8s triste : \u00ab\u00a0\u00c9videmment,\u00a0\u00e7a me fait un petit pincement au c\u0153ur\u00a0parce que c&rsquo;est une \u00e9mission qui est un peu ma famille. \u00c7a fait des ann\u00e9es qu&rsquo;on travaille ensemble et je vous aime tous par-dessus tous, les candidats, les familles, etc. Mais je sais que \u00e7a va \u00eatre une superbe ann\u00e9e quand m\u00eame et j&rsquo;ai trop h\u00e2te de voir les premi\u00e8res images\u00a0\u00bb.<\/p>\n<p>Du c\u00f4t\u00e9 de Christophe Beaugrand, l\u2019un des animateurs de <strong>\u00ab\u00a0Ninja Warrior\u00a0\u00bb<\/strong>, celui-ci a r\u00e9cemment r\u00e9v\u00e9l\u00e9 qu\u2019il avait pris connaissance de la nouvelle tr\u00e8s tard. Alors que les tournages allaient d\u00e9marrer, le pr\u00e9sentateur apprenait qu\u2019Iris Mittenaere leur faisait <strong>\u00ab\u00a0faux bond\u00a0\u00bb<\/strong>.<\/p>\n<p>\u00ab\u00a0Sur cette saison, les choses vont \u00eatre un peu modifi\u00e9es, je vais \u00eatre sur la moiti\u00e9 de l&rsquo;\u00e9mission avec les familles et Ana\u00efs Grangerac, qui est notre nouvelle venue qui remplace<strong>\u00a0Iris Mittenaere qui nous a fait faux bond \u00e0 trois semaines du tournage\u00a0\u00bb<\/strong>, a-t-il en effet confi\u00e9 \u00e0 Maxime Gu\u00e9ny le 10 juillet dernier dans \u00ab\u00a0Un \u00e9clair de Gu\u00e9ny\u00a0\u00bb.<\/p>\n<\/p>\n<p>Ana\u00efs Grangerac, sa rempla\u00e7ante, comme un poisson dans l&rsquo;eau<\/p>\n<p>Il pr\u00e9cisait \u00e9galement qu\u2019Ana\u00efs Grangerac allait \u00ab\u00a0faire une partie des commentaires avec Denis et apr\u00e8s, on inversera\u00a0\u00bb. \u00ab\u00a0Heureusement, Ana\u00efs \u00e9tait dispo et \u00e7a s&rsquo;est super bien pass\u00e9\u00a0\u00bb, se r\u00e9jouissait-il, toujours au cours de l\u2019entretien.\u00a0<\/p>\n<p>Du cot\u00e9 d\u2019Ana\u00efs Grangerac, celle-ci garde d\u2019excellents souvenirs. Dans les colonnes de T\u00e9l\u00e9 7 Jours, la rempla\u00e7ante d\u2019Iris Mittenaere a m\u00eame fait savoir qu\u2019elle esp\u00e9rait rempiler l\u2019an prochain.<\/p>\n<p>\u00ab\u00a0Je ne le sais pas\u00a0encore. Mais,\u00a0une chose est s\u00fbre :\u00a0<strong>j\u2019aimerais que cela continue<\/strong> !\u00a0\u00c9tant sportive, je me suis sentie\u00a0comme un poisson dans l\u2019eau !\u00a0\u00bb, a-t-elle avou\u00e9 en toute sinc\u00e9rit\u00e9. Reste \u00e0 savoir si l\u2019ancienne Miss France reprendra sa place dans la prochaine saison.\u00a0<\/p>\n<p>      Mentionn\u00e9s dans cet article<\/p>\n<p>      Sur le m\u00eame sujet<\/p>\n","protected":false},"excerpt":{"rendered":"Denis Brogniart, Christophe Beaugrand, et Ana\u00efs Grangerac, pr\u00e9sentent la finale de \u00ab\u00a0Ninja Warrior\u00a0\u00bb ce vendredi 1er ao\u00fbt 2025&hellip;\n","protected":false},"author":2,"featured_media":290246,"comment_status":"","ping_status":"","sticky":false,"template":"","format":"standard","meta":{"footnotes":""},"categories":[1359],"tags":[5410,681,58,59,1011,27,7308,39806,973,199],"class_list":{"0":"post-290245","1":"post","2":"type-post","3":"status-publish","4":"format-standard","5":"has-post-thumbnail","7":"category-people","8":"tag-christophe-beaugrand","9":"tag-denis-brogniart","10":"tag-divertissement","11":"tag-entertainment","12":"tag-fr","13":"tag-france","14":"tag-iris-mittenaere","15":"tag-ninja-warrior","16":"tag-people","17":"tag-tf1"},"share_on_mastodon":{"url":"https:\/\/pubeurope.com\/@fr\/114956446188430467","error":""},"_links":{"self":[{"href":"https:\/\/www.europesays.com\/fr\/wp-json\/wp\/v2\/posts\/290245","targetHints":{"allow":["GET"]}}],"collection":[{"href":"https:\/\/www.europesays.com\/fr\/wp-json\/wp\/v2\/posts"}],"about":[{"href":"https:\/\/www.europesays.com\/fr\/wp-json\/wp\/v2\/types\/post"}],"author":[{"embeddable":true,"href":"https:\/\/www.europesays.com\/fr\/wp-json\/wp\/v2\/users\/2"}],"replies":[{"embeddable":true,"href":"https:\/\/www.europesays.com\/fr\/wp-json\/wp\/v2\/comments?post=290245"}],"version-history":[{"count":0,"href":"https:\/\/www.europesays.com\/fr\/wp-json\/wp\/v2\/posts\/290245\/revisions"}],"wp:featuredmedia":[{"embeddable":true,"href":"https:\/\/www.europesays.com\/fr\/wp-json\/wp\/v2\/media\/290246"}],"wp:attachment":[{"href":"https:\/\/www.europesays.com\/fr\/wp-json\/wp\/v2\/media?parent=290245"}],"wp:term":[{"taxonomy":"category","embeddable":true,"href":"https:\/\/www.europesays.com\/fr\/wp-json\/wp\/v2\/categories?post=290245"},{"taxonomy":"post_tag","embeddable":true,"href":"https:\/\/www.europesays.com\/fr\/wp-json\/wp\/v2\/tags?post=290245"}],"curies":[{"name":"wp","href":"https:\/\/api.w.org\/{rel}","templated":true}]}}